{"id":10542,"date":"2015-05-07T10:15:53","date_gmt":"2015-05-07T15:15:53","guid":{"rendered":"http:\/\/www.manodepapel.com\/blog\/?p=10542"},"modified":"2015-05-08T19:59:08","modified_gmt":"2015-05-09T00:59:08","slug":"1461","status":"publish","type":"post","link":"http:\/\/www.manodepapel.com\/blog\/?p=10542","title":{"rendered":"1461."},"content":{"rendered":"<p><a href=\"http:\/\/www.manodepapel.com\/blog\/wp-content\/uploads\/2015\/05\/bienal2015b.jpg\"><img loading=\"lazy\" decoding=\"async\" class=\"alignnone size-full wp-image-10555\" src=\"http:\/\/www.manodepapel.com\/blog\/wp-content\/uploads\/2015\/05\/bienal2015b.jpg\" alt=\"bienal dise\u00f1o\" width=\"400\" height=\"400\" srcset=\"http:\/\/www.manodepapel.com\/blog\/wp-content\/uploads\/2015\/05\/bienal2015b.jpg 400w, http:\/\/www.manodepapel.com\/blog\/wp-content\/uploads\/2015\/05\/bienal2015b-150x150.jpg 150w, http:\/\/www.manodepapel.com\/blog\/wp-content\/uploads\/2015\/05\/bienal2015b-300x300.jpg 300w, http:\/\/www.manodepapel.com\/blog\/wp-content\/uploads\/2015\/05\/bienal2015b-378x378.jpg 378w\" sizes=\"auto, (max-width: 400px) 100vw, 400px\" \/><\/a><\/p>\n<p><strong>Bienal.<\/strong> Se abre la convocatoria de la 8\u00ba Bienal Nacional de Dise\u00f1o:<br \/>\n&#8220;Con el prop\u00f3sito de contribuir al reconocimiento de la profesi\u00f3n del dise\u00f1o y su aportaci\u00f3n cultural al bienestar social, al desarrollo econ\u00f3mico-productivo, as\u00ed como estimular la reflexi\u00f3n de su quehacer e incentivar a quienes se est\u00e1n formando en esta disciplina, el Consejo Nacional para la Cultura y las Artes, el Instituto Nacional de Bellas Artes y Literatura y la Escuela de Dise\u00f1o convocan a profesionales y a reci\u00e9n egresados o estudiantes avanzados de licenciaturas en dise\u00f1o y estudios equivalentes, a participar en la Octava Bienal Nacional de Dise\u00f1o 2015, a celebrarse en la Ciudad de M\u00e9xico de mayo a noviembre de 2015 y difundir con los resultados de este certamen el quehacer actual del dise\u00f1o mexicano&#8221;.<br \/>\nCategorias: Dise\u00f1o Gr\u00e1fico, Dise\u00f1o Textil y Dise\u00f1o Industrial. Fecha l\u00edmite: 28 de junio de 2015. M\u00e1s informaci\u00f3n y bases <a href=\"http:\/\/www.bienalnacionaldediseno.bellasartes.gob.mx\/inicio\/convocatoria\">aqu\u00ed<\/a>.<\/p>\n<p><em>Mr. Mano de Papel<\/em><\/p>\n","protected":false},"excerpt":{"rendered":"<p>Bienal. Se abre la convocatoria de la 8\u00ba Bienal Nacional de Dise\u00f1o:&#8230;<\/p>\n<p><a href=\"http:\/\/www.manodepapel.com\/blog\/?p=10542\" class=\"more\">Seguir leyendo<\/a><\/p>\n","protected":false},"author":1,"featured_media":10556,"comment_status":"open","ping_status":"open","sticky":false,"template":"","format":"standard","meta":{"footnotes":""},"categories":[1],"tags":[1460,139,98,766],"class_list":["post-10542","post","type-post","status-publish","format-standard","has-post-thumbnail","hentry","category-diseno","tag-bienal-nacional-de-diseno","tag-diseno-2","tag-edinba","tag-inba"],"_links":{"self":[{"href":"http:\/\/www.manodepapel.com\/blog\/index.php?rest_route=\/wp\/v2\/posts\/10542","targetHints":{"allow":["GET"]}}],"collection":[{"href":"http:\/\/www.manodepapel.com\/blog\/index.php?rest_route=\/wp\/v2\/posts"}],"about":[{"href":"http:\/\/www.manodepapel.com\/blog\/index.php?rest_route=\/wp\/v2\/types\/post"}],"author":[{"embeddable":true,"href":"http:\/\/www.manodepapel.com\/blog\/index.php?rest_route=\/wp\/v2\/users\/1"}],"replies":[{"embeddable":true,"href":"http:\/\/www.manodepapel.com\/blog\/index.php?rest_route=%2Fwp%2Fv2%2Fcomments&post=10542"}],"version-history":[{"count":5,"href":"http:\/\/www.manodepapel.com\/blog\/index.php?rest_route=\/wp\/v2\/posts\/10542\/revisions"}],"predecessor-version":[{"id":10559,"href":"http:\/\/www.manodepapel.com\/blog\/index.php?rest_route=\/wp\/v2\/posts\/10542\/revisions\/10559"}],"wp:featuredmedia":[{"embeddable":true,"href":"http:\/\/www.manodepapel.com\/blog\/index.php?rest_route=\/wp\/v2\/media\/10556"}],"wp:attachment":[{"href":"http:\/\/www.manodepapel.com\/blog\/index.php?rest_route=%2Fwp%2Fv2%2Fmedia&parent=10542"}],"wp:term":[{"taxonomy":"category","embeddable":true,"href":"http:\/\/www.manodepapel.com\/blog\/index.php?rest_route=%2Fwp%2Fv2%2Fcategories&post=10542"},{"taxonomy":"post_tag","embeddable":true,"href":"http:\/\/www.manodepapel.com\/blog\/index.php?rest_route=%2Fwp%2Fv2%2Ftags&post=10542"}],"curies":[{"name":"wp","href":"https:\/\/api.w.org\/{rel}","templated":true}]}}