{"id":10754,"date":"2015-07-08T12:21:39","date_gmt":"2015-07-08T17:21:39","guid":{"rendered":"http:\/\/www.manodepapel.com\/blog\/?p=10754"},"modified":"2015-07-08T12:27:47","modified_gmt":"2015-07-08T17:27:47","slug":"1498","status":"publish","type":"post","link":"http:\/\/www.manodepapel.com\/blog\/?p=10754","title":{"rendered":"1498."},"content":{"rendered":"<p><a href=\"http:\/\/www.manodepapel.com\/blog\/wp-content\/uploads\/2015\/07\/ivantaller.png\"><img loading=\"lazy\" decoding=\"async\" src=\"http:\/\/www.manodepapel.com\/blog\/wp-content\/uploads\/2015\/07\/ivantaller.png\" alt=\"ivan taller\" width=\"400\" height=\"400\" class=\"alignnone size-full wp-image-10755\" srcset=\"http:\/\/www.manodepapel.com\/blog\/wp-content\/uploads\/2015\/07\/ivantaller.png 400w, http:\/\/www.manodepapel.com\/blog\/wp-content\/uploads\/2015\/07\/ivantaller-150x150.png 150w, http:\/\/www.manodepapel.com\/blog\/wp-content\/uploads\/2015\/07\/ivantaller-300x300.png 300w, http:\/\/www.manodepapel.com\/blog\/wp-content\/uploads\/2015\/07\/ivantaller-378x378.png 378w\" sizes=\"auto, (max-width: 400px) 100vw, 400px\" \/><\/a><\/p>\n<p><strong>Taller.<\/strong> De Dise\u00f1o Editorial impartido por <a href=\"http:\/\/ivanw.com.mx\/\">Iv\u00e1n W. Jim\u00e9nez<\/a>, promovido por <a href=\"http:\/\/www.grupohorma.com\/\">Grupo Horma<\/a> y <a href=\"http:\/\/wearedstudio.com\/\">D! Studio<\/a>. Del 27 al 30 de julio de 2015. Horario: 18:00 a 21:00 horas. Duraci\u00f3n: 12 horas. Lugar: Pereyra 601 esquina Laureano Roncal, Centro, Durango, Durango. M\u00e1s informaci\u00f3n <a href=\"https:\/\/www.facebook.com\/events\/895691013837345\/\">aqu\u00ed<\/a>.<\/p>\n<p><em>Mr. Mano de Papel<\/em><\/p>\n","protected":false},"excerpt":{"rendered":"<p>Taller. De Dise\u00f1o Editorial impartido por Iv\u00e1n W. Jim\u00e9nez, promovido por Grupo&#8230;<\/p>\n<p><a href=\"http:\/\/www.manodepapel.com\/blog\/?p=10754\" class=\"more\">Seguir leyendo<\/a><\/p>\n","protected":false},"author":1,"featured_media":10756,"comment_status":"open","ping_status":"open","sticky":false,"template":"","format":"standard","meta":{"footnotes":""},"categories":[1],"tags":[1512,19,371,1511],"class_list":["post-10754","post","type-post","status-publish","format-standard","has-post-thumbnail","hentry","category-diseno","tag-d-studio","tag-diseno-editorial","tag-grupo-horma","tag-ivan-w-jimenez"],"_links":{"self":[{"href":"http:\/\/www.manodepapel.com\/blog\/index.php?rest_route=\/wp\/v2\/posts\/10754","targetHints":{"allow":["GET"]}}],"collection":[{"href":"http:\/\/www.manodepapel.com\/blog\/index.php?rest_route=\/wp\/v2\/posts"}],"about":[{"href":"http:\/\/www.manodepapel.com\/blog\/index.php?rest_route=\/wp\/v2\/types\/post"}],"author":[{"embeddable":true,"href":"http:\/\/www.manodepapel.com\/blog\/index.php?rest_route=\/wp\/v2\/users\/1"}],"replies":[{"embeddable":true,"href":"http:\/\/www.manodepapel.com\/blog\/index.php?rest_route=%2Fwp%2Fv2%2Fcomments&post=10754"}],"version-history":[{"count":2,"href":"http:\/\/www.manodepapel.com\/blog\/index.php?rest_route=\/wp\/v2\/posts\/10754\/revisions"}],"predecessor-version":[{"id":10758,"href":"http:\/\/www.manodepapel.com\/blog\/index.php?rest_route=\/wp\/v2\/posts\/10754\/revisions\/10758"}],"wp:featuredmedia":[{"embeddable":true,"href":"http:\/\/www.manodepapel.com\/blog\/index.php?rest_route=\/wp\/v2\/media\/10756"}],"wp:attachment":[{"href":"http:\/\/www.manodepapel.com\/blog\/index.php?rest_route=%2Fwp%2Fv2%2Fmedia&parent=10754"}],"wp:term":[{"taxonomy":"category","embeddable":true,"href":"http:\/\/www.manodepapel.com\/blog\/index.php?rest_route=%2Fwp%2Fv2%2Fcategories&post=10754"},{"taxonomy":"post_tag","embeddable":true,"href":"http:\/\/www.manodepapel.com\/blog\/index.php?rest_route=%2Fwp%2Fv2%2Ftags&post=10754"}],"curies":[{"name":"wp","href":"https:\/\/api.w.org\/{rel}","templated":true}]}}