{"id":10889,"date":"2015-09-10T18:48:46","date_gmt":"2015-09-10T23:48:46","guid":{"rendered":"http:\/\/www.manodepapel.com\/blog\/?p=10889"},"modified":"2015-09-10T18:48:46","modified_gmt":"2015-09-10T23:48:46","slug":"1531","status":"publish","type":"post","link":"http:\/\/www.manodepapel.com\/blog\/?p=10889","title":{"rendered":"1531."},"content":{"rendered":"<p><a href=\"http:\/\/www.manodepapel.com\/blog\/wp-content\/uploads\/2015\/09\/graficangte22.jpg\"><img loading=\"lazy\" decoding=\"async\" src=\"http:\/\/www.manodepapel.com\/blog\/wp-content\/uploads\/2015\/09\/graficangte22.jpg\" alt=\"graficante\" width=\"400\" height=\"521\" class=\"alignnone size-full wp-image-10891\" srcset=\"http:\/\/www.manodepapel.com\/blog\/wp-content\/uploads\/2015\/09\/graficangte22.jpg 400w, http:\/\/www.manodepapel.com\/blog\/wp-content\/uploads\/2015\/09\/graficangte22-230x300.jpg 230w, http:\/\/www.manodepapel.com\/blog\/wp-content\/uploads\/2015\/09\/graficangte22-378x492.jpg 378w\" sizes=\"auto, (max-width: 400px) 100vw, 400px\" \/><\/a><\/p>\n<p><strong>Exposici\u00f3n.<\/strong> <em>Puro Machin<\/em>, muestra mexicana de ilustradores organizada por la <a href=\"http:\/\/revistapicnic.com\/\">Revista Picnic<\/a>, ser\u00e1 presentada ahora en la <a href=\"https:\/\/www.facebook.com\/GRAFICANTE.Showroom\">Galer\u00eda Graficante<\/a> el 10 de septiembre de 2015 a las 20:00 horas. Los exponentes son: Abraham Ponce, Al\u00e1n Daniel, Apolo Cacho, BeoHake, Carlos Lerma, Carlos Olvera, Chava Gonz\u00e1lez, Daniel Berman, Deachete, Didier V\u00e1zquez, Eduardo Ortiz, Laloide, El Diablo, Enid Bal\u00e1m, Helbetico, Israel G. Vargas, Iv\u00e1n Mayorqu\u00edn, Javier Medell\u00edn Puyou, Jorsh Pe\u00f1a, Kamui Gomasio, Netoplasma, Neuzz, Pablo Querea, Rafael Rodr\u00edguez, Pachicl\u00f3n, Rafahu, Ra\u00fal Urias, Santiago Solis Montes de Oca, Smithe, Sr. Calavera, Tavo Monta\u00f1ez y Yurex Omazkin.<br \/>\nM\u00e1s informaci\u00f3n <a href=\"https:\/\/www.facebook.com\/events\/1663243860565544\/\">aqu\u00ed<\/a>. Lugar: Diego de Montemayor 502, Centro, Monterrey, Nuevo Le\u00f3n. Hasta el 1 de noviembre de 2015. Gracias a Oscar y Kenia por el dato.<\/p>\n<p><em>Mr. Mano de Papel<\/em><\/p>\n","protected":false},"excerpt":{"rendered":"<p>Exposici\u00f3n. Puro Machin, muestra mexicana de ilustradores organizada por la Revista Picnic,&#8230;<\/p>\n<p><a href=\"http:\/\/www.manodepapel.com\/blog\/?p=10889\" class=\"more\">Seguir leyendo<\/a><\/p>\n","protected":false},"author":1,"featured_media":10890,"comment_status":"open","ping_status":"open","sticky":false,"template":"","format":"standard","meta":{"footnotes":""},"categories":[1],"tags":[1308,41,1288,1160],"class_list":["post-10889","post","type-post","status-publish","format-standard","has-post-thumbnail","hentry","category-diseno","tag-graficante","tag-ilustracion","tag-puro-machin","tag-revista-picnic"],"_links":{"self":[{"href":"http:\/\/www.manodepapel.com\/blog\/index.php?rest_route=\/wp\/v2\/posts\/10889","targetHints":{"allow":["GET"]}}],"collection":[{"href":"http:\/\/www.manodepapel.com\/blog\/index.php?rest_route=\/wp\/v2\/posts"}],"about":[{"href":"http:\/\/www.manodepapel.com\/blog\/index.php?rest_route=\/wp\/v2\/types\/post"}],"author":[{"embeddable":true,"href":"http:\/\/www.manodepapel.com\/blog\/index.php?rest_route=\/wp\/v2\/users\/1"}],"replies":[{"embeddable":true,"href":"http:\/\/www.manodepapel.com\/blog\/index.php?rest_route=%2Fwp%2Fv2%2Fcomments&post=10889"}],"version-history":[{"count":1,"href":"http:\/\/www.manodepapel.com\/blog\/index.php?rest_route=\/wp\/v2\/posts\/10889\/revisions"}],"predecessor-version":[{"id":10892,"href":"http:\/\/www.manodepapel.com\/blog\/index.php?rest_route=\/wp\/v2\/posts\/10889\/revisions\/10892"}],"wp:featuredmedia":[{"embeddable":true,"href":"http:\/\/www.manodepapel.com\/blog\/index.php?rest_route=\/wp\/v2\/media\/10890"}],"wp:attachment":[{"href":"http:\/\/www.manodepapel.com\/blog\/index.php?rest_route=%2Fwp%2Fv2%2Fmedia&parent=10889"}],"wp:term":[{"taxonomy":"category","embeddable":true,"href":"http:\/\/www.manodepapel.com\/blog\/index.php?rest_route=%2Fwp%2Fv2%2Fcategories&post=10889"},{"taxonomy":"post_tag","embeddable":true,"href":"http:\/\/www.manodepapel.com\/blog\/index.php?rest_route=%2Fwp%2Fv2%2Ftags&post=10889"}],"curies":[{"name":"wp","href":"https:\/\/api.w.org\/{rel}","templated":true}]}}