{"id":10901,"date":"2015-09-16T20:20:44","date_gmt":"2015-09-17T01:20:44","guid":{"rendered":"http:\/\/www.manodepapel.com\/blog\/?p=10901"},"modified":"2015-10-01T09:42:21","modified_gmt":"2015-10-01T14:42:21","slug":"1533","status":"publish","type":"post","link":"http:\/\/www.manodepapel.com\/blog\/?p=10901","title":{"rendered":"1533."},"content":{"rendered":"<p><a href=\"http:\/\/www.manodepapel.com\/blog\/wp-content\/uploads\/2015\/09\/editorial1.jpg\"><img loading=\"lazy\" decoding=\"async\" src=\"http:\/\/www.manodepapel.com\/blog\/wp-content\/uploads\/2015\/09\/editorial1.jpg\" alt=\"editorial\" width=\"400\" height=\"400\" class=\"alignnone size-full wp-image-10903\" srcset=\"http:\/\/www.manodepapel.com\/blog\/wp-content\/uploads\/2015\/09\/editorial1.jpg 400w, http:\/\/www.manodepapel.com\/blog\/wp-content\/uploads\/2015\/09\/editorial1-150x150.jpg 150w, http:\/\/www.manodepapel.com\/blog\/wp-content\/uploads\/2015\/09\/editorial1-300x300.jpg 300w, http:\/\/www.manodepapel.com\/blog\/wp-content\/uploads\/2015\/09\/editorial1-378x378.jpg 378w\" sizes=\"auto, (max-width: 400px) 100vw, 400px\" \/><\/a><\/p>\n<p><strong>Foro.<\/strong> II Foro Internacional de Dise\u00f1o Editorial, un evento nuevo dentro de las actividades de profesionalizaci\u00f3n de la <a href=\"http:\/\/www.fil.com.mx\/default.asp\">FIL Guadalajara<\/a>. 1 y 2 de diciembre de 2015. Conferencias y mesas redondas. Hay un cupo m\u00e1ximo de 60 personas. M\u00e1s informaci\u00f3n <a href=\"http:\/\/www.fil.com.mx\/act_nego\/diseno_editorial.asp\">aqu\u00ed<\/a>, y en la Coordinaci\u00f3n General de Profesionales (52 33) 3810-0331, ext. 915, o al mail: ruben.padilla@fil.com.mx<br \/>\nGracias a Ruben por el dato.<\/p>\n<p><em>Mr. Mano de Papel<\/em><\/p>\n","protected":false},"excerpt":{"rendered":"<p>Foro. II Foro Internacional de Dise\u00f1o Editorial, un evento nuevo dentro de&#8230;<\/p>\n<p><a href=\"http:\/\/www.manodepapel.com\/blog\/?p=10901\" class=\"more\">Seguir leyendo<\/a><\/p>\n","protected":false},"author":1,"featured_media":10902,"comment_status":"open","ping_status":"open","sticky":false,"template":"","format":"standard","meta":{"footnotes":""},"categories":[1],"tags":[19,1520,1566,249,263],"class_list":["post-10901","post","type-post","status-publish","format-standard","has-post-thumbnail","hentry","category-diseno","tag-diseno-editorial","tag-fil-guadalajara","tag-foro-internacional-de-diseno-editorial","tag-libros","tag-revistas"],"_links":{"self":[{"href":"http:\/\/www.manodepapel.com\/blog\/index.php?rest_route=\/wp\/v2\/posts\/10901","targetHints":{"allow":["GET"]}}],"collection":[{"href":"http:\/\/www.manodepapel.com\/blog\/index.php?rest_route=\/wp\/v2\/posts"}],"about":[{"href":"http:\/\/www.manodepapel.com\/blog\/index.php?rest_route=\/wp\/v2\/types\/post"}],"author":[{"embeddable":true,"href":"http:\/\/www.manodepapel.com\/blog\/index.php?rest_route=\/wp\/v2\/users\/1"}],"replies":[{"embeddable":true,"href":"http:\/\/www.manodepapel.com\/blog\/index.php?rest_route=%2Fwp%2Fv2%2Fcomments&post=10901"}],"version-history":[{"count":2,"href":"http:\/\/www.manodepapel.com\/blog\/index.php?rest_route=\/wp\/v2\/posts\/10901\/revisions"}],"predecessor-version":[{"id":10947,"href":"http:\/\/www.manodepapel.com\/blog\/index.php?rest_route=\/wp\/v2\/posts\/10901\/revisions\/10947"}],"wp:featuredmedia":[{"embeddable":true,"href":"http:\/\/www.manodepapel.com\/blog\/index.php?rest_route=\/wp\/v2\/media\/10902"}],"wp:attachment":[{"href":"http:\/\/www.manodepapel.com\/blog\/index.php?rest_route=%2Fwp%2Fv2%2Fmedia&parent=10901"}],"wp:term":[{"taxonomy":"category","embeddable":true,"href":"http:\/\/www.manodepapel.com\/blog\/index.php?rest_route=%2Fwp%2Fv2%2Fcategories&post=10901"},{"taxonomy":"post_tag","embeddable":true,"href":"http:\/\/www.manodepapel.com\/blog\/index.php?rest_route=%2Fwp%2Fv2%2Ftags&post=10901"}],"curies":[{"name":"wp","href":"https:\/\/api.w.org\/{rel}","templated":true}]}}