{"id":11216,"date":"2015-12-18T15:49:17","date_gmt":"2015-12-18T20:49:17","guid":{"rendered":"http:\/\/www.manodepapel.com\/blog\/?p=11216"},"modified":"2015-12-18T15:49:17","modified_gmt":"2015-12-18T20:49:17","slug":"1588","status":"publish","type":"post","link":"http:\/\/www.manodepapel.com\/blog\/?p=11216","title":{"rendered":"1588."},"content":{"rendered":"<p><a href=\"http:\/\/www.manodepapel.com\/blog\/wp-content\/uploads\/2015\/12\/cartel06.jpg\" rel=\"attachment wp-att-11218\"><img loading=\"lazy\" decoding=\"async\" src=\"http:\/\/www.manodepapel.com\/blog\/wp-content\/uploads\/2015\/12\/cartel06.jpg\" alt=\"ibero 2016\" width=\"400\" height=\"603\" class=\"alignnone size-full wp-image-11218\" srcset=\"http:\/\/www.manodepapel.com\/blog\/wp-content\/uploads\/2015\/12\/cartel06.jpg 400w, http:\/\/www.manodepapel.com\/blog\/wp-content\/uploads\/2015\/12\/cartel06-199x300.jpg 199w, http:\/\/www.manodepapel.com\/blog\/wp-content\/uploads\/2015\/12\/cartel06-378x570.jpg 378w\" sizes=\"auto, (max-width: 400px) 100vw, 400px\" \/><\/a><br \/>\n<strong>Convocatoria.<\/strong> Se abre la s\u00e9ptima edici\u00f3n del <a href=\"http:\/\/iberoamericailustra.com\/\">Cat\u00e1logo Iberoamericano de Ilustraci\u00f3n<\/a>, presentado por <a href=\"http:\/\/www.fundacion-sm.org.mx\/\">Fundaci\u00f3n SM<\/a>, <a href=\"http:\/\/www.elilustradero.com\/\">El Ilustradero<\/a> y la <a href=\"https:\/\/www.fil.com.mx\/\">FIL Guadalajara<\/a>. A\u00f1o con a\u00f1o se pone mejor. Fecha l\u00edmite: 29 de abril de 2016. M\u00e1s informaci\u00f3n <a href=\"http:\/\/iberoamericailustra.com\/?page_id=747\">aqu\u00ed<\/a>.<\/p>\n<p><em>Mr. Mano de Papel<\/em><\/p>\n","protected":false},"excerpt":{"rendered":"<p>Convocatoria. Se abre la s\u00e9ptima edici\u00f3n del Cat\u00e1logo Iberoamericano de Ilustraci\u00f3n, presentado&#8230;<\/p>\n<p><a href=\"http:\/\/www.manodepapel.com\/blog\/?p=11216\" class=\"more\">Seguir leyendo<\/a><\/p>\n","protected":false},"author":1,"featured_media":11219,"comment_status":"open","ping_status":"open","sticky":false,"template":"","format":"standard","meta":{"footnotes":""},"categories":[1],"tags":[511,134,1520,757,41],"class_list":["post-11216","post","type-post","status-publish","format-standard","has-post-thumbnail","hentry","category-diseno","tag-catalogo-iberoamericano-de-ilustracion","tag-el-ilustradero","tag-fil-guadalajara","tag-fundacion-sm","tag-ilustracion"],"_links":{"self":[{"href":"http:\/\/www.manodepapel.com\/blog\/index.php?rest_route=\/wp\/v2\/posts\/11216","targetHints":{"allow":["GET"]}}],"collection":[{"href":"http:\/\/www.manodepapel.com\/blog\/index.php?rest_route=\/wp\/v2\/posts"}],"about":[{"href":"http:\/\/www.manodepapel.com\/blog\/index.php?rest_route=\/wp\/v2\/types\/post"}],"author":[{"embeddable":true,"href":"http:\/\/www.manodepapel.com\/blog\/index.php?rest_route=\/wp\/v2\/users\/1"}],"replies":[{"embeddable":true,"href":"http:\/\/www.manodepapel.com\/blog\/index.php?rest_route=%2Fwp%2Fv2%2Fcomments&post=11216"}],"version-history":[{"count":2,"href":"http:\/\/www.manodepapel.com\/blog\/index.php?rest_route=\/wp\/v2\/posts\/11216\/revisions"}],"predecessor-version":[{"id":11220,"href":"http:\/\/www.manodepapel.com\/blog\/index.php?rest_route=\/wp\/v2\/posts\/11216\/revisions\/11220"}],"wp:featuredmedia":[{"embeddable":true,"href":"http:\/\/www.manodepapel.com\/blog\/index.php?rest_route=\/wp\/v2\/media\/11219"}],"wp:attachment":[{"href":"http:\/\/www.manodepapel.com\/blog\/index.php?rest_route=%2Fwp%2Fv2%2Fmedia&parent=11216"}],"wp:term":[{"taxonomy":"category","embeddable":true,"href":"http:\/\/www.manodepapel.com\/blog\/index.php?rest_route=%2Fwp%2Fv2%2Fcategories&post=11216"},{"taxonomy":"post_tag","embeddable":true,"href":"http:\/\/www.manodepapel.com\/blog\/index.php?rest_route=%2Fwp%2Fv2%2Ftags&post=11216"}],"curies":[{"name":"wp","href":"https:\/\/api.w.org\/{rel}","templated":true}]}}