{"id":11969,"date":"2017-03-01T15:02:51","date_gmt":"2017-03-01T20:02:51","guid":{"rendered":"http:\/\/www.manodepapel.com\/blog\/?p=11969"},"modified":"2017-03-01T15:02:51","modified_gmt":"2017-03-01T20:02:51","slug":"1722","status":"publish","type":"post","link":"http:\/\/www.manodepapel.com\/blog\/?p=11969","title":{"rendered":"1722."},"content":{"rendered":"<p><a href=\"http:\/\/www.manodepapel.com\/blog\/wp-content\/uploads\/2017\/03\/javier-cartel13.jpg\"><img loading=\"lazy\" decoding=\"async\" src=\"http:\/\/www.manodepapel.com\/blog\/wp-content\/uploads\/2017\/03\/javier-cartel13.jpg\" alt=\"\" width=\"400\" height=\"400\" class=\"alignnone size-full wp-image-11971\" srcset=\"http:\/\/www.manodepapel.com\/blog\/wp-content\/uploads\/2017\/03\/javier-cartel13.jpg 400w, http:\/\/www.manodepapel.com\/blog\/wp-content\/uploads\/2017\/03\/javier-cartel13-150x150.jpg 150w, http:\/\/www.manodepapel.com\/blog\/wp-content\/uploads\/2017\/03\/javier-cartel13-300x300.jpg 300w, http:\/\/www.manodepapel.com\/blog\/wp-content\/uploads\/2017\/03\/javier-cartel13-378x378.jpg 378w\" sizes=\"auto, (max-width: 400px) 100vw, 400px\" \/><\/a><\/p>\n<p><a href=\"http:\/\/www.manodepapel.com\/blog\/wp-content\/uploads\/2017\/03\/javier-cartel1.jpg\"><img loading=\"lazy\" decoding=\"async\" src=\"http:\/\/www.manodepapel.com\/blog\/wp-content\/uploads\/2017\/03\/javier-cartel1.jpg\" alt=\"\" width=\"400\" height=\"400\" class=\"alignnone size-full wp-image-11972\" srcset=\"http:\/\/www.manodepapel.com\/blog\/wp-content\/uploads\/2017\/03\/javier-cartel1.jpg 400w, http:\/\/www.manodepapel.com\/blog\/wp-content\/uploads\/2017\/03\/javier-cartel1-150x150.jpg 150w, http:\/\/www.manodepapel.com\/blog\/wp-content\/uploads\/2017\/03\/javier-cartel1-300x300.jpg 300w, http:\/\/www.manodepapel.com\/blog\/wp-content\/uploads\/2017\/03\/javier-cartel1-378x378.jpg 378w\" sizes=\"auto, (max-width: 400px) 100vw, 400px\" \/><\/a><\/p>\n<p><a href=\"http:\/\/www.manodepapel.com\/blog\/wp-content\/uploads\/2017\/03\/javier-cartel12.jpg\"><img loading=\"lazy\" decoding=\"async\" src=\"http:\/\/www.manodepapel.com\/blog\/wp-content\/uploads\/2017\/03\/javier-cartel12.jpg\" alt=\"\" width=\"400\" height=\"400\" class=\"alignnone size-full wp-image-11973\" srcset=\"http:\/\/www.manodepapel.com\/blog\/wp-content\/uploads\/2017\/03\/javier-cartel12.jpg 400w, http:\/\/www.manodepapel.com\/blog\/wp-content\/uploads\/2017\/03\/javier-cartel12-150x150.jpg 150w, http:\/\/www.manodepapel.com\/blog\/wp-content\/uploads\/2017\/03\/javier-cartel12-300x300.jpg 300w, http:\/\/www.manodepapel.com\/blog\/wp-content\/uploads\/2017\/03\/javier-cartel12-378x378.jpg 378w\" sizes=\"auto, (max-width: 400px) 100vw, 400px\" \/><\/a><br \/>\nFragmentos de obras de Javier S\u00e1ez Cast\u00e1n<\/p>\n<p><strong>Curso.<\/strong> <em>Im\u00e1genes, secuencias, libros\u2026<\/em>, impartido por el escritor e ilustrador espa\u00f1ol Javier S\u00e1ez Cast\u00e1n en <a href=\"http:\/\/www.ibbymexico.org.mx\/\">IBBY M\u00e9xico<\/a>. Duraci\u00f3n: 40 horas, 10 horas por semana. El curso ser\u00e1 en l\u00ednea. Fechas: 13 de marzo al 9 a abril 2017. Cupo limitado.<br \/>\nLugar: Biblioteca BS- IBBY M\u00e9xico \/ A leer, Goya 54, Colonia Insurgentes Mixcoac, Ciudad de M\u00e9xico. M\u00e1s informaci\u00f3n <a href=\"https:\/\/www.facebook.com\/events\/249546928790026\/\">aqu\u00ed<\/a> y en enlinea@ibbymexico.org.mx.<\/p>\n<p><em>Mr. Mano de Papel<\/em><\/p>\n","protected":false},"excerpt":{"rendered":"<p>Fragmentos de obras de Javier S\u00e1ez Cast\u00e1n Curso. Im\u00e1genes, secuencias, libros\u2026, impartido&#8230;<\/p>\n<p><a href=\"http:\/\/www.manodepapel.com\/blog\/?p=11969\" class=\"more\">Seguir leyendo<\/a><\/p>\n","protected":false},"author":1,"featured_media":11970,"comment_status":"open","ping_status":"open","sticky":false,"template":"","format":"standard","meta":{"footnotes":""},"categories":[1],"tags":[605,41,1186,249,522],"class_list":["post-11969","post","type-post","status-publish","format-standard","has-post-thumbnail","hentry","category-diseno","tag-ibby-mexico","tag-ilustracion","tag-javier-saez-castan","tag-libros","tag-literatura"],"_links":{"self":[{"href":"http:\/\/www.manodepapel.com\/blog\/index.php?rest_route=\/wp\/v2\/posts\/11969","targetHints":{"allow":["GET"]}}],"collection":[{"href":"http:\/\/www.manodepapel.com\/blog\/index.php?rest_route=\/wp\/v2\/posts"}],"about":[{"href":"http:\/\/www.manodepapel.com\/blog\/index.php?rest_route=\/wp\/v2\/types\/post"}],"author":[{"embeddable":true,"href":"http:\/\/www.manodepapel.com\/blog\/index.php?rest_route=\/wp\/v2\/users\/1"}],"replies":[{"embeddable":true,"href":"http:\/\/www.manodepapel.com\/blog\/index.php?rest_route=%2Fwp%2Fv2%2Fcomments&post=11969"}],"version-history":[{"count":1,"href":"http:\/\/www.manodepapel.com\/blog\/index.php?rest_route=\/wp\/v2\/posts\/11969\/revisions"}],"predecessor-version":[{"id":11974,"href":"http:\/\/www.manodepapel.com\/blog\/index.php?rest_route=\/wp\/v2\/posts\/11969\/revisions\/11974"}],"wp:featuredmedia":[{"embeddable":true,"href":"http:\/\/www.manodepapel.com\/blog\/index.php?rest_route=\/wp\/v2\/media\/11970"}],"wp:attachment":[{"href":"http:\/\/www.manodepapel.com\/blog\/index.php?rest_route=%2Fwp%2Fv2%2Fmedia&parent=11969"}],"wp:term":[{"taxonomy":"category","embeddable":true,"href":"http:\/\/www.manodepapel.com\/blog\/index.php?rest_route=%2Fwp%2Fv2%2Fcategories&post=11969"},{"taxonomy":"post_tag","embeddable":true,"href":"http:\/\/www.manodepapel.com\/blog\/index.php?rest_route=%2Fwp%2Fv2%2Ftags&post=11969"}],"curies":[{"name":"wp","href":"https:\/\/api.w.org\/{rel}","templated":true}]}}