{"id":1817,"date":"2010-07-08T14:25:47","date_gmt":"2010-07-08T19:25:47","guid":{"rendered":"http:\/\/www.manodepapel.com\/blog\/?p=1817"},"modified":"2013-03-20T16:03:27","modified_gmt":"2013-03-20T21:03:27","slug":"464","status":"publish","type":"post","link":"http:\/\/www.manodepapel.com\/blog\/?p=1817","title":{"rendered":"464."},"content":{"rendered":"<p><a href=\"http:\/\/www.manodepapel.com\/blog\/wp-content\/uploads\/2010\/07\/b-464.jpg\"><img loading=\"lazy\" decoding=\"async\" src=\"http:\/\/www.manodepapel.com\/blog\/wp-content\/uploads\/2010\/07\/b-464.jpg\" alt=\"\" title=\"amorlibro\" width=\"400\" height=\"514\" class=\"alignnone size-full wp-image-1819\" srcset=\"http:\/\/www.manodepapel.com\/blog\/wp-content\/uploads\/2010\/07\/b-464.jpg 400w, http:\/\/www.manodepapel.com\/blog\/wp-content\/uploads\/2010\/07\/b-464-233x300.jpg 233w\" sizes=\"auto, (max-width: 400px) 100vw, 400px\" \/><\/a><\/p>\n<p><strong>Convocatoria.<\/strong> Alejandra Guerrero y Ra\u00fal Velad\u00edz presentan <a href=\"http:\/\/amorlibro.blogspot.com\/\">&#8220;amorlibro&#8221;<\/a> <em>por una cultura del libro desde el dise\u00f1o<\/em>, e invitan a:<br \/>\n<em>Lanzamos esta convocatoria a todos los colegas dise\u00f1adores, tip\u00f3grafos, ilustradores y dem\u00e1s interesados en la creaci\u00f3n de ex libris de dise\u00f1ador. La forma de participar es creando su propio ex libris \u2014aquel que identifique su biblioteca personal\u2014, el cual formar\u00e1 parte de una muestra que ser\u00e1 reunida, exhibida y difundida<\/em>.<br \/>\nRecordemos que el exlibris ha venido acompa\u00f1ando a la tradici\u00f3n literaria desde hace mucho tiempo. Antiguamente en M\u00e9xico, los artistas pl\u00e1sticos (generalmente conocedores del grabado, por el sistema de reproducci\u00f3n mas o menos masiva pero conservando lo art\u00edstico) estaban muy involucrados en los exlibris, con la mutaci\u00f3n del arte y la aparici\u00f3n de del dise\u00f1o como profesion, el exlibris puede extenderse m\u00e1s alla de sus limites tradicionales.<br \/>\nEs muy importante que el exlibris sea usado, lejos de su concepci\u00f3n mental, su vida reside en lo f\u00edsico y lo t\u00e1ctil (curiosamente comparte esta categor\u00eda con el cartel&#8230; interesante).<br \/>\nFecha limite: 31 de agosto de 2010.<br \/>\nM\u00e1s informaci\u00f3n <a href=\"http:\/\/amorlibro.blogspot.com\/\">aqu\u00ed<\/a>. Animese, participe.<\/p>\n<p><em>Mr. Mano de Papel<\/em><\/p>\n","protected":false},"excerpt":{"rendered":"<p>Convocatoria. Alejandra Guerrero y Ra\u00fal Velad\u00edz presentan &#8220;amorlibro&#8221; por una cultura del&#8230;<\/p>\n<p><a href=\"http:\/\/www.manodepapel.com\/blog\/?p=1817\" class=\"more\">Seguir leyendo<\/a><\/p>\n","protected":false},"author":1,"featured_media":7308,"comment_status":"open","ping_status":"open","sticky":false,"template":"","format":"standard","meta":{"footnotes":""},"categories":[1],"tags":[517,68],"class_list":["post-1817","post","type-post","status-publish","format-standard","has-post-thumbnail","hentry","category-diseno","tag-amorlibro","tag-ex-libris"],"_links":{"self":[{"href":"http:\/\/www.manodepapel.com\/blog\/index.php?rest_route=\/wp\/v2\/posts\/1817","targetHints":{"allow":["GET"]}}],"collection":[{"href":"http:\/\/www.manodepapel.com\/blog\/index.php?rest_route=\/wp\/v2\/posts"}],"about":[{"href":"http:\/\/www.manodepapel.com\/blog\/index.php?rest_route=\/wp\/v2\/types\/post"}],"author":[{"embeddable":true,"href":"http:\/\/www.manodepapel.com\/blog\/index.php?rest_route=\/wp\/v2\/users\/1"}],"replies":[{"embeddable":true,"href":"http:\/\/www.manodepapel.com\/blog\/index.php?rest_route=%2Fwp%2Fv2%2Fcomments&post=1817"}],"version-history":[{"count":5,"href":"http:\/\/www.manodepapel.com\/blog\/index.php?rest_route=\/wp\/v2\/posts\/1817\/revisions"}],"predecessor-version":[{"id":7377,"href":"http:\/\/www.manodepapel.com\/blog\/index.php?rest_route=\/wp\/v2\/posts\/1817\/revisions\/7377"}],"wp:featuredmedia":[{"embeddable":true,"href":"http:\/\/www.manodepapel.com\/blog\/index.php?rest_route=\/wp\/v2\/media\/7308"}],"wp:attachment":[{"href":"http:\/\/www.manodepapel.com\/blog\/index.php?rest_route=%2Fwp%2Fv2%2Fmedia&parent=1817"}],"wp:term":[{"taxonomy":"category","embeddable":true,"href":"http:\/\/www.manodepapel.com\/blog\/index.php?rest_route=%2Fwp%2Fv2%2Fcategories&post=1817"},{"taxonomy":"post_tag","embeddable":true,"href":"http:\/\/www.manodepapel.com\/blog\/index.php?rest_route=%2Fwp%2Fv2%2Ftags&post=1817"}],"curies":[{"name":"wp","href":"https:\/\/api.w.org\/{rel}","templated":true}]}}