{"id":3142,"date":"2011-03-15T15:20:58","date_gmt":"2011-03-15T20:20:58","guid":{"rendered":"http:\/\/www.manodepapel.com\/blog\/?p=3142"},"modified":"2013-03-20T14:58:11","modified_gmt":"2013-03-20T19:58:11","slug":"599","status":"publish","type":"post","link":"http:\/\/www.manodepapel.com\/blog\/?p=3142","title":{"rendered":"599."},"content":{"rendered":"<p><a href=\"http:\/\/www.manodepapel.com\/blog\/wp-content\/uploads\/2011\/03\/b-599.jpg\"><img loading=\"lazy\" decoding=\"async\" src=\"http:\/\/www.manodepapel.com\/blog\/wp-content\/uploads\/2011\/03\/b-599.jpg\" alt=\"\" title=\"A la orilla del viento\" width=\"400\" height=\"504\" class=\"alignnone size-full wp-image-3143\" srcset=\"http:\/\/www.manodepapel.com\/blog\/wp-content\/uploads\/2011\/03\/b-599.jpg 400w, http:\/\/www.manodepapel.com\/blog\/wp-content\/uploads\/2011\/03\/b-599-238x300.jpg 238w\" sizes=\"auto, (max-width: 400px) 100vw, 400px\" \/><\/a><br \/>\nIlustraci\u00f3n de Alejandra Acosta<\/p>\n<p><strong>Concurso.<\/strong> El <a href=\"http:\/\/www.fondodeculturaeconomica.com\">FCE<\/a> lanza su 25\u00ba Concurso de \u00e1lbum ilustrado <em>A la orilla del viento<\/em>, sin dudas el m\u00e1s prestigioso premio en ilustraci\u00f3n de M\u00e9xico, pues el libro ganador estar\u00e1 presente en las ferias m\u00e1s importantes y por supuesto en la extensa red de librerias del FCE. La fecha limite: 31 de agosto de 2011. M\u00e1s informaci\u00f3n <a href=\"http:\/\/www.fondodeculturaeconomica.com\/editorial\/Concursos\/ConvocatoriasYConcursos\/AlaOrilladelViento\/AlaOrilla2011.htm\">aqu\u00ed<\/a>. <\/p>\n<p><em>Mr. Mano de Papel<\/em><\/p>\n","protected":false},"excerpt":{"rendered":"<p>Ilustraci\u00f3n de Alejandra Acosta Concurso. El FCE lanza su 25\u00ba Concurso de&#8230;<\/p>\n<p><a href=\"http:\/\/www.manodepapel.com\/blog\/?p=3142\" class=\"more\">Seguir leyendo<\/a><\/p>\n","protected":false},"author":1,"featured_media":7140,"comment_status":"open","ping_status":"open","sticky":false,"template":"","format":"standard","meta":{"footnotes":""},"categories":[1],"tags":[494,262,41],"class_list":["post-3142","post","type-post","status-publish","format-standard","has-post-thumbnail","hentry","category-diseno","tag-concurso-internacional-del-libro-album-ilustrado","tag-fce","tag-ilustracion"],"_links":{"self":[{"href":"http:\/\/www.manodepapel.com\/blog\/index.php?rest_route=\/wp\/v2\/posts\/3142","targetHints":{"allow":["GET"]}}],"collection":[{"href":"http:\/\/www.manodepapel.com\/blog\/index.php?rest_route=\/wp\/v2\/posts"}],"about":[{"href":"http:\/\/www.manodepapel.com\/blog\/index.php?rest_route=\/wp\/v2\/types\/post"}],"author":[{"embeddable":true,"href":"http:\/\/www.manodepapel.com\/blog\/index.php?rest_route=\/wp\/v2\/users\/1"}],"replies":[{"embeddable":true,"href":"http:\/\/www.manodepapel.com\/blog\/index.php?rest_route=%2Fwp%2Fv2%2Fcomments&post=3142"}],"version-history":[{"count":3,"href":"http:\/\/www.manodepapel.com\/blog\/index.php?rest_route=\/wp\/v2\/posts\/3142\/revisions"}],"predecessor-version":[{"id":7141,"href":"http:\/\/www.manodepapel.com\/blog\/index.php?rest_route=\/wp\/v2\/posts\/3142\/revisions\/7141"}],"wp:featuredmedia":[{"embeddable":true,"href":"http:\/\/www.manodepapel.com\/blog\/index.php?rest_route=\/wp\/v2\/media\/7140"}],"wp:attachment":[{"href":"http:\/\/www.manodepapel.com\/blog\/index.php?rest_route=%2Fwp%2Fv2%2Fmedia&parent=3142"}],"wp:term":[{"taxonomy":"category","embeddable":true,"href":"http:\/\/www.manodepapel.com\/blog\/index.php?rest_route=%2Fwp%2Fv2%2Fcategories&post=3142"},{"taxonomy":"post_tag","embeddable":true,"href":"http:\/\/www.manodepapel.com\/blog\/index.php?rest_route=%2Fwp%2Fv2%2Ftags&post=3142"}],"curies":[{"name":"wp","href":"https:\/\/api.w.org\/{rel}","templated":true}]}}