{"id":3759,"date":"2011-09-19T16:26:41","date_gmt":"2011-09-19T21:26:41","guid":{"rendered":"http:\/\/www.manodepapel.com\/blog\/?p=3759"},"modified":"2013-03-17T12:30:45","modified_gmt":"2013-03-17T17:30:45","slug":"717","status":"publish","type":"post","link":"http:\/\/www.manodepapel.com\/blog\/?p=3759","title":{"rendered":"717."},"content":{"rendered":"<p><a href=\"http:\/\/www.manodepapel.com\/blog\/wp-content\/uploads\/2011\/09\/b-717caldodecultivo.jpg\"><img loading=\"lazy\" decoding=\"async\" src=\"http:\/\/www.manodepapel.com\/blog\/wp-content\/uploads\/2011\/09\/b-717caldodecultivo.jpg\" alt=\"\" title=\"Caldo de Cultivo \/ Estacio Creactiva\" width=\"400\" height=\"386\" class=\"alignnone size-full wp-image-3760\" srcset=\"http:\/\/www.manodepapel.com\/blog\/wp-content\/uploads\/2011\/09\/b-717caldodecultivo.jpg 400w, http:\/\/www.manodepapel.com\/blog\/wp-content\/uploads\/2011\/09\/b-717caldodecultivo-300x289.jpg 300w\" sizes=\"auto, (max-width: 400px) 100vw, 400px\" \/><\/a><\/p>\n<p>Nuestro amigo Unai Reglero nos presenta el nuevo proyecto de <a href=\"http:\/\/www.caldodecultivo.com\/\">Caldo de Cultivo<\/a>, la nueva temporada de intervenciones art\u00edsticas en la estaci\u00f3n de autobuses de Tarragona, lease Estaci\u00f3 Creactiva, la primera de ellas (in) CONFORT-MISME, de Violeta Bru, Agustina Bonessi y L\u00e1zaro Ginarte: \u201cEl Confort-mismo es la m\u00e1s evidente y sincera forma de realizaci\u00f3n del liberalismo democr\u00e0tico. Con \u00e9l se pagan las letras para el para\u00edso terrenal que nos prometieron a todos. Todo ciudadano que se pretenda integrado debe tener su hogar bien equipado con los accesorios convenidos del confort. El confort lo es todo. La medida del confort que se disfruta es el grado de cultura que se posee. Y toda voluntad cr\u00edtica se ve atrapada en la jaula del Confort-mismo&#8221;. La inauguraci\u00f3n fue el pasado 15 de septiembre. Mucho \u00e9xito Unai, esperemos saber pronto mas de este proyecto.<\/p>\n<p><em>Mr. Mano de Papel<\/em><\/p>\n","protected":false},"excerpt":{"rendered":"<p>Nuestro amigo Unai Reglero nos presenta el nuevo proyecto de Caldo de&#8230;<\/p>\n<p><a href=\"http:\/\/www.manodepapel.com\/blog\/?p=3759\" class=\"more\">Seguir leyendo<\/a><\/p>\n","protected":false},"author":1,"featured_media":6820,"comment_status":"open","ping_status":"open","sticky":false,"template":"","format":"standard","meta":{"footnotes":""},"categories":[3],"tags":[14,149],"class_list":["post-3759","post","type-post","status-publish","format-standard","has-post-thumbnail","hentry","category-arte","tag-arte-2","tag-caldo-de-cultivo"],"_links":{"self":[{"href":"http:\/\/www.manodepapel.com\/blog\/index.php?rest_route=\/wp\/v2\/posts\/3759","targetHints":{"allow":["GET"]}}],"collection":[{"href":"http:\/\/www.manodepapel.com\/blog\/index.php?rest_route=\/wp\/v2\/posts"}],"about":[{"href":"http:\/\/www.manodepapel.com\/blog\/index.php?rest_route=\/wp\/v2\/types\/post"}],"author":[{"embeddable":true,"href":"http:\/\/www.manodepapel.com\/blog\/index.php?rest_route=\/wp\/v2\/users\/1"}],"replies":[{"embeddable":true,"href":"http:\/\/www.manodepapel.com\/blog\/index.php?rest_route=%2Fwp%2Fv2%2Fcomments&post=3759"}],"version-history":[{"count":3,"href":"http:\/\/www.manodepapel.com\/blog\/index.php?rest_route=\/wp\/v2\/posts\/3759\/revisions"}],"predecessor-version":[{"id":6866,"href":"http:\/\/www.manodepapel.com\/blog\/index.php?rest_route=\/wp\/v2\/posts\/3759\/revisions\/6866"}],"wp:featuredmedia":[{"embeddable":true,"href":"http:\/\/www.manodepapel.com\/blog\/index.php?rest_route=\/wp\/v2\/media\/6820"}],"wp:attachment":[{"href":"http:\/\/www.manodepapel.com\/blog\/index.php?rest_route=%2Fwp%2Fv2%2Fmedia&parent=3759"}],"wp:term":[{"taxonomy":"category","embeddable":true,"href":"http:\/\/www.manodepapel.com\/blog\/index.php?rest_route=%2Fwp%2Fv2%2Fcategories&post=3759"},{"taxonomy":"post_tag","embeddable":true,"href":"http:\/\/www.manodepapel.com\/blog\/index.php?rest_route=%2Fwp%2Fv2%2Ftags&post=3759"}],"curies":[{"name":"wp","href":"https:\/\/api.w.org\/{rel}","templated":true}]}}