{"id":4448,"date":"2012-02-22T00:33:17","date_gmt":"2012-02-22T05:33:17","guid":{"rendered":"http:\/\/www.manodepapel.com\/blog\/?p=4448"},"modified":"2013-03-12T21:34:28","modified_gmt":"2013-03-13T02:34:28","slug":"822","status":"publish","type":"post","link":"http:\/\/www.manodepapel.com\/blog\/?p=4448","title":{"rendered":"822."},"content":{"rendered":"<p><a href=\"http:\/\/www.manodepapel.com\/blog\/wp-content\/uploads\/2012\/02\/b-822cassette.jpg\"><img loading=\"lazy\" decoding=\"async\" src=\"http:\/\/www.manodepapel.com\/blog\/wp-content\/uploads\/2012\/02\/b-822cassette.jpg\" alt=\"\" title=\"Cassette\" width=\"400\" height=\"400\" class=\"alignnone size-full wp-image-4449\" srcset=\"http:\/\/www.manodepapel.com\/blog\/wp-content\/uploads\/2012\/02\/b-822cassette.jpg 400w, http:\/\/www.manodepapel.com\/blog\/wp-content\/uploads\/2012\/02\/b-822cassette-150x150.jpg 150w, http:\/\/www.manodepapel.com\/blog\/wp-content\/uploads\/2012\/02\/b-822cassette-300x300.jpg 300w\" sizes=\"auto, (max-width: 400px) 100vw, 400px\" \/><\/a><\/p>\n<p><strong>Mesa redonda.<\/strong> Con el tema &#8220;Nacidos en los 80: \u00bfuna generaci\u00f3n en la literatura mexicana?&#8221;, el pr\u00f3ximo jueves 23 de febrero de 2012 a las 19:00 horas. Cinco escritores mexicanos nacidos en dicha d\u00e9cada, Carlos Talanc\u00f3n, Isaura Contreras, Edgar Omar Avil\u00e9s, Elisa Corona e Iv\u00e1n Cruz&#8230; reflexionan sobre su visi\u00f3n como artistas, una revisi\u00f3n a los sucesos nacionales e internacionales que los han marcado. Modera: Gabriela Astorga. Lugar: <a href=\"http:\/\/www.ccemx.org\/\">Centro Cultural de Espa\u00f1a<\/a>, Guatemala 18, Centro Hist\u00f3rico, ciudad de M\u00e9xico. \u00c9xito Gaby e Iv\u00e1n.<\/p>\n<p><em>Mr. Mano de Papel<\/em><\/p>\n","protected":false},"excerpt":{"rendered":"<p>Mesa redonda. Con el tema &#8220;Nacidos en los 80: \u00bfuna generaci\u00f3n en&#8230;<\/p>\n<p><a href=\"http:\/\/www.manodepapel.com\/blog\/?p=4448\" class=\"more\">Seguir leyendo<\/a><\/p>\n","protected":false},"author":1,"featured_media":6585,"comment_status":"open","ping_status":"open","sticky":false,"template":"","format":"standard","meta":{"footnotes":""},"categories":[3],"tags":[551,522],"class_list":["post-4448","post","type-post","status-publish","format-standard","has-post-thumbnail","hentry","category-arte","tag-centro-cultural-espana","tag-literatura"],"_links":{"self":[{"href":"http:\/\/www.manodepapel.com\/blog\/index.php?rest_route=\/wp\/v2\/posts\/4448","targetHints":{"allow":["GET"]}}],"collection":[{"href":"http:\/\/www.manodepapel.com\/blog\/index.php?rest_route=\/wp\/v2\/posts"}],"about":[{"href":"http:\/\/www.manodepapel.com\/blog\/index.php?rest_route=\/wp\/v2\/types\/post"}],"author":[{"embeddable":true,"href":"http:\/\/www.manodepapel.com\/blog\/index.php?rest_route=\/wp\/v2\/users\/1"}],"replies":[{"embeddable":true,"href":"http:\/\/www.manodepapel.com\/blog\/index.php?rest_route=%2Fwp%2Fv2%2Fcomments&post=4448"}],"version-history":[{"count":6,"href":"http:\/\/www.manodepapel.com\/blog\/index.php?rest_route=\/wp\/v2\/posts\/4448\/revisions"}],"predecessor-version":[{"id":6600,"href":"http:\/\/www.manodepapel.com\/blog\/index.php?rest_route=\/wp\/v2\/posts\/4448\/revisions\/6600"}],"wp:featuredmedia":[{"embeddable":true,"href":"http:\/\/www.manodepapel.com\/blog\/index.php?rest_route=\/wp\/v2\/media\/6585"}],"wp:attachment":[{"href":"http:\/\/www.manodepapel.com\/blog\/index.php?rest_route=%2Fwp%2Fv2%2Fmedia&parent=4448"}],"wp:term":[{"taxonomy":"category","embeddable":true,"href":"http:\/\/www.manodepapel.com\/blog\/index.php?rest_route=%2Fwp%2Fv2%2Fcategories&post=4448"},{"taxonomy":"post_tag","embeddable":true,"href":"http:\/\/www.manodepapel.com\/blog\/index.php?rest_route=%2Fwp%2Fv2%2Ftags&post=4448"}],"curies":[{"name":"wp","href":"https:\/\/api.w.org\/{rel}","templated":true}]}}