{"id":4488,"date":"2012-02-28T02:37:18","date_gmt":"2012-02-28T07:37:18","guid":{"rendered":"http:\/\/www.manodepapel.com\/blog\/?p=4488"},"modified":"2013-03-12T21:33:07","modified_gmt":"2013-03-13T02:33:07","slug":"827","status":"publish","type":"post","link":"http:\/\/www.manodepapel.com\/blog\/?p=4488","title":{"rendered":"827."},"content":{"rendered":"<p><a href=\"http:\/\/www.manodepapel.com\/blog\/wp-content\/uploads\/2012\/02\/b-850inesestrada.jpg\"><img loading=\"lazy\" decoding=\"async\" src=\"http:\/\/www.manodepapel.com\/blog\/wp-content\/uploads\/2012\/02\/b-850inesestrada.jpg\" alt=\"\" title=\"Ines Estrada\" width=\"400\" height=\"717\" class=\"alignnone size-full wp-image-4490\" srcset=\"http:\/\/www.manodepapel.com\/blog\/wp-content\/uploads\/2012\/02\/b-850inesestrada.jpg 400w, http:\/\/www.manodepapel.com\/blog\/wp-content\/uploads\/2012\/02\/b-850inesestrada-167x300.jpg 167w\" sizes=\"auto, (max-width: 400px) 100vw, 400px\" \/><\/a><br \/>\nIlustraciones de In\u00e9s Estrada<\/p>\n<p>Buen ejercicio de <a href=\"http:\/\/www.vice.com\/es_mx\/read\/ya-stas-peinao-pa-atras-0000087-v5n1\">observaci\u00f3n capilar<\/a> presentado por In\u00e9s <a href=\"http:\/\/inechi.com\/\">Estrada<\/a> para el portal de <a href=\"http:\/\/www.vice.com\">Vice<\/a>. En lo personal estoy pensando (de acuerdo a mi fisionom\u00eda) en usar el sayayin. Gran trabajo In\u00e9s, soy muy fan de tu dibujo!<\/p>\n<p><em>Mr. Mano de Papel<\/em><\/p>\n","protected":false},"excerpt":{"rendered":"<p>Ilustraciones de In\u00e9s Estrada Buen ejercicio de observaci\u00f3n capilar presentado por In\u00e9s&#8230;<\/p>\n<p><a href=\"http:\/\/www.manodepapel.com\/blog\/?p=4488\" class=\"more\">Seguir leyendo<\/a><\/p>\n","protected":false},"author":1,"featured_media":6590,"comment_status":"open","ping_status":"open","sticky":false,"template":"","format":"standard","meta":{"footnotes":""},"categories":[1],"tags":[41,822,821],"class_list":["post-4488","post","type-post","status-publish","format-standard","has-post-thumbnail","hentry","category-diseno","tag-ilustracion","tag-ines-estrada","tag-vice"],"_links":{"self":[{"href":"http:\/\/www.manodepapel.com\/blog\/index.php?rest_route=\/wp\/v2\/posts\/4488","targetHints":{"allow":["GET"]}}],"collection":[{"href":"http:\/\/www.manodepapel.com\/blog\/index.php?rest_route=\/wp\/v2\/posts"}],"about":[{"href":"http:\/\/www.manodepapel.com\/blog\/index.php?rest_route=\/wp\/v2\/types\/post"}],"author":[{"embeddable":true,"href":"http:\/\/www.manodepapel.com\/blog\/index.php?rest_route=\/wp\/v2\/users\/1"}],"replies":[{"embeddable":true,"href":"http:\/\/www.manodepapel.com\/blog\/index.php?rest_route=%2Fwp%2Fv2%2Fcomments&post=4488"}],"version-history":[{"count":4,"href":"http:\/\/www.manodepapel.com\/blog\/index.php?rest_route=\/wp\/v2\/posts\/4488\/revisions"}],"predecessor-version":[{"id":6595,"href":"http:\/\/www.manodepapel.com\/blog\/index.php?rest_route=\/wp\/v2\/posts\/4488\/revisions\/6595"}],"wp:featuredmedia":[{"embeddable":true,"href":"http:\/\/www.manodepapel.com\/blog\/index.php?rest_route=\/wp\/v2\/media\/6590"}],"wp:attachment":[{"href":"http:\/\/www.manodepapel.com\/blog\/index.php?rest_route=%2Fwp%2Fv2%2Fmedia&parent=4488"}],"wp:term":[{"taxonomy":"category","embeddable":true,"href":"http:\/\/www.manodepapel.com\/blog\/index.php?rest_route=%2Fwp%2Fv2%2Fcategories&post=4488"},{"taxonomy":"post_tag","embeddable":true,"href":"http:\/\/www.manodepapel.com\/blog\/index.php?rest_route=%2Fwp%2Fv2%2Ftags&post=4488"}],"curies":[{"name":"wp","href":"https:\/\/api.w.org\/{rel}","templated":true}]}}