{"id":5045,"date":"2012-05-24T18:20:32","date_gmt":"2012-05-24T23:20:32","guid":{"rendered":"http:\/\/www.manodepapel.com\/blog\/?p=5045"},"modified":"2013-03-08T16:53:26","modified_gmt":"2013-03-08T21:53:26","slug":"901","status":"publish","type":"post","link":"http:\/\/www.manodepapel.com\/blog\/?p=5045","title":{"rendered":"901."},"content":{"rendered":"<p><a href=\"http:\/\/www.manodepapel.com\/blog\/wp-content\/uploads\/2012\/05\/flyer-libroalbum4-t.jpg\"><img loading=\"lazy\" decoding=\"async\" src=\"http:\/\/www.manodepapel.com\/blog\/wp-content\/uploads\/2012\/05\/flyer-libroalbum4-t.jpg\" alt=\"\" title=\"Libro Album\" width=\"400\" height=\"600\" class=\"alignnone size-full wp-image-5046\" srcset=\"http:\/\/www.manodepapel.com\/blog\/wp-content\/uploads\/2012\/05\/flyer-libroalbum4-t.jpg 400w, http:\/\/www.manodepapel.com\/blog\/wp-content\/uploads\/2012\/05\/flyer-libroalbum4-t-200x300.jpg 200w\" sizes=\"auto, (max-width: 400px) 100vw, 400px\" \/><\/a><\/p>\n<p><strong>Taller.<\/strong> De libro alb\u00fam ilustrado, cuarta edici\u00f3n, impartido por Andrea Fuentes Silva, los d\u00edas 31 de mayo, 7, 14, 21 y 28 de junio, y 5 de julio 2012. Horario: jueves de 18:00 a 20:30 horas. Cupo m\u00e1ximo 20 personas. Dirigido a: Ilustradores-Dise\u00f1adores-Artistas Narrativos-Escritores Visuales y todo p\u00fablico amante y creador con inter\u00e9s en indagar, desarrollar y concretar sus ideas y proyectos de libro \u00e1lbum ilustrado. M\u00e1s informaci\u00f3n <a href=\"http:\/\/www.facebook.com\/events\/336129856437053\/\">aqu\u00ed<\/a>. El lugar: Vertigo Galer\u00eda, Colima 23 local A, Colonia Roma, ciudad de Mexico. Que haya buenos frutos Andrea, un abrazo.<\/p>\n<p><em>Mr. Mano de Papel<\/em><\/p>\n","protected":false},"excerpt":{"rendered":"<p>Taller. De libro alb\u00fam ilustrado, cuarta edici\u00f3n, impartido por Andrea Fuentes Silva,&#8230;<\/p>\n<p><a href=\"http:\/\/www.manodepapel.com\/blog\/?p=5045\" class=\"more\">Seguir leyendo<\/a><\/p>\n","protected":false},"author":1,"featured_media":6349,"comment_status":"open","ping_status":"open","sticky":false,"template":"","format":"standard","meta":{"footnotes":""},"categories":[1],"tags":[801,583,705,41,282],"class_list":["post-5045","post","type-post","status-publish","format-standard","has-post-thumbnail","hentry","category-diseno","tag-album-ilustrado","tag-andrea-fuentes-silva","tag-edicion","tag-ilustracion","tag-vertigo-galeria"],"_links":{"self":[{"href":"http:\/\/www.manodepapel.com\/blog\/index.php?rest_route=\/wp\/v2\/posts\/5045","targetHints":{"allow":["GET"]}}],"collection":[{"href":"http:\/\/www.manodepapel.com\/blog\/index.php?rest_route=\/wp\/v2\/posts"}],"about":[{"href":"http:\/\/www.manodepapel.com\/blog\/index.php?rest_route=\/wp\/v2\/types\/post"}],"author":[{"embeddable":true,"href":"http:\/\/www.manodepapel.com\/blog\/index.php?rest_route=\/wp\/v2\/users\/1"}],"replies":[{"embeddable":true,"href":"http:\/\/www.manodepapel.com\/blog\/index.php?rest_route=%2Fwp%2Fv2%2Fcomments&post=5045"}],"version-history":[{"count":2,"href":"http:\/\/www.manodepapel.com\/blog\/index.php?rest_route=\/wp\/v2\/posts\/5045\/revisions"}],"predecessor-version":[{"id":6446,"href":"http:\/\/www.manodepapel.com\/blog\/index.php?rest_route=\/wp\/v2\/posts\/5045\/revisions\/6446"}],"wp:featuredmedia":[{"embeddable":true,"href":"http:\/\/www.manodepapel.com\/blog\/index.php?rest_route=\/wp\/v2\/media\/6349"}],"wp:attachment":[{"href":"http:\/\/www.manodepapel.com\/blog\/index.php?rest_route=%2Fwp%2Fv2%2Fmedia&parent=5045"}],"wp:term":[{"taxonomy":"category","embeddable":true,"href":"http:\/\/www.manodepapel.com\/blog\/index.php?rest_route=%2Fwp%2Fv2%2Fcategories&post=5045"},{"taxonomy":"post_tag","embeddable":true,"href":"http:\/\/www.manodepapel.com\/blog\/index.php?rest_route=%2Fwp%2Fv2%2Ftags&post=5045"}],"curies":[{"name":"wp","href":"https:\/\/api.w.org\/{rel}","templated":true}]}}