{"id":5172,"date":"2012-07-13T17:52:53","date_gmt":"2012-07-13T22:52:53","guid":{"rendered":"http:\/\/www.manodepapel.com\/blog\/?p=5172"},"modified":"2013-03-08T16:40:36","modified_gmt":"2013-03-08T21:40:36","slug":"925","status":"publish","type":"post","link":"http:\/\/www.manodepapel.com\/blog\/?p=5172","title":{"rendered":"925."},"content":{"rendered":"<p><a href=\"http:\/\/www.manodepapel.com\/blog\/wp-content\/uploads\/2012\/07\/132.jpg\"><img loading=\"lazy\" decoding=\"async\" src=\"http:\/\/www.manodepapel.com\/blog\/wp-content\/uploads\/2012\/07\/132.jpg\" alt=\"\" title=\"yosoy132\" width=\"400\" height=\"501\" class=\"alignnone size-full wp-image-5173\" srcset=\"http:\/\/www.manodepapel.com\/blog\/wp-content\/uploads\/2012\/07\/132.jpg 400w, http:\/\/www.manodepapel.com\/blog\/wp-content\/uploads\/2012\/07\/132-239x300.jpg 239w\" sizes=\"auto, (max-width: 400px) 100vw, 400px\" \/><\/a><\/p>\n<p><strong>Invitaci\u00f3n.<\/strong> Para hacer cartel social: &#8220;\u00c9ste s\u00e1bado 21 de julio a las 12:00 pm, cartel132 estar\u00e1 presente en la explanada del monumento a la Revoluci\u00f3n, y realizaremos una reuni\u00f3n con los interesados en pegarse a este colectivo. La uni\u00f3n hace la fuerza. A ustedes, dise\u00f1adores gr\u00e1ficos, les pedimos que si gustan, lleven su cartel impreso en un tama\u00f1o de 30 x 45 cm. para poder exponerlo en medio del festival Re-voluci\u00f3n que se celebrar\u00e1 ahi mismo. Estos carteles formar\u00e1n parte de Nuestro Primer Acto como colectivo&#8221;. Si est\u00e1n o radican en la ciudad de M\u00e9xico participen. Gracias a Juan por el dato.<\/p>\n<p><em>Mr. Mano de Pape<\/em><\/p>\n","protected":false},"excerpt":{"rendered":"<p>Invitaci\u00f3n. Para hacer cartel social: &#8220;\u00c9ste s\u00e1bado 21 de julio a las&#8230;<\/p>\n<p><a href=\"http:\/\/www.manodepapel.com\/blog\/?p=5172\" class=\"more\">Seguir leyendo<\/a><\/p>\n","protected":false},"author":1,"featured_media":6373,"comment_status":"open","ping_status":"open","sticky":false,"template":"","format":"standard","meta":{"footnotes":""},"categories":[1],"tags":[25,139,864,540,903],"class_list":["post-5172","post","type-post","status-publish","format-standard","has-post-thumbnail","hentry","category-diseno","tag-cartel","tag-diseno-2","tag-politica","tag-social","tag-yo-soy-132"],"_links":{"self":[{"href":"http:\/\/www.manodepapel.com\/blog\/index.php?rest_route=\/wp\/v2\/posts\/5172","targetHints":{"allow":["GET"]}}],"collection":[{"href":"http:\/\/www.manodepapel.com\/blog\/index.php?rest_route=\/wp\/v2\/posts"}],"about":[{"href":"http:\/\/www.manodepapel.com\/blog\/index.php?rest_route=\/wp\/v2\/types\/post"}],"author":[{"embeddable":true,"href":"http:\/\/www.manodepapel.com\/blog\/index.php?rest_route=\/wp\/v2\/users\/1"}],"replies":[{"embeddable":true,"href":"http:\/\/www.manodepapel.com\/blog\/index.php?rest_route=%2Fwp%2Fv2%2Fcomments&post=5172"}],"version-history":[{"count":2,"href":"http:\/\/www.manodepapel.com\/blog\/index.php?rest_route=\/wp\/v2\/posts\/5172\/revisions"}],"predecessor-version":[{"id":6422,"href":"http:\/\/www.manodepapel.com\/blog\/index.php?rest_route=\/wp\/v2\/posts\/5172\/revisions\/6422"}],"wp:featuredmedia":[{"embeddable":true,"href":"http:\/\/www.manodepapel.com\/blog\/index.php?rest_route=\/wp\/v2\/media\/6373"}],"wp:attachment":[{"href":"http:\/\/www.manodepapel.com\/blog\/index.php?rest_route=%2Fwp%2Fv2%2Fmedia&parent=5172"}],"wp:term":[{"taxonomy":"category","embeddable":true,"href":"http:\/\/www.manodepapel.com\/blog\/index.php?rest_route=%2Fwp%2Fv2%2Fcategories&post=5172"},{"taxonomy":"post_tag","embeddable":true,"href":"http:\/\/www.manodepapel.com\/blog\/index.php?rest_route=%2Fwp%2Fv2%2Ftags&post=5172"}],"curies":[{"name":"wp","href":"https:\/\/api.w.org\/{rel}","templated":true}]}}