{"id":5257,"date":"2012-07-31T23:51:02","date_gmt":"2012-08-01T04:51:02","guid":{"rendered":"http:\/\/www.manodepapel.com\/blog\/?p=5257"},"modified":"2013-03-08T16:36:29","modified_gmt":"2013-03-08T21:36:29","slug":"937","status":"publish","type":"post","link":"http:\/\/www.manodepapel.com\/blog\/?p=5257","title":{"rendered":"937."},"content":{"rendered":"<p><a href=\"http:\/\/www.manodepapel.com\/blog\/wp-content\/uploads\/2012\/07\/interdiseno.jpg\"><img loading=\"lazy\" decoding=\"async\" src=\"http:\/\/www.manodepapel.com\/blog\/wp-content\/uploads\/2012\/07\/interdiseno.jpg\" alt=\"\" title=\"Interdise\u00f1o\" width=\"400\" height=\"499\" class=\"alignnone size-full wp-image-5258\" srcset=\"http:\/\/www.manodepapel.com\/blog\/wp-content\/uploads\/2012\/07\/interdiseno.jpg 400w, http:\/\/www.manodepapel.com\/blog\/wp-content\/uploads\/2012\/07\/interdiseno-240x300.jpg 240w\" sizes=\"auto, (max-width: 400px) 100vw, 400px\" \/><\/a><\/p>\n<p><strong>Bienal.<\/strong> de Cartel, primera edici\u00f3n en este 2012, especificamente de carteles in\u00e9ditos. Competencia para la vieja Bienal de Cartel en M\u00e9xico, que no se ha modificado desde hace tanto ayeres, esta novel bienal esperemos no cometa los errores de la otra. Auspiciado por la Universidad Aut\u00f3noma de Aguascalientes y su Centro de Ciencias del Dise\u00f1o y de la Construcci\u00f3n. Bienvenida esta bienal. M\u00e1s informaci\u00f3n y convocatoria completa <a href=\"http:\/\/interdiseno.com.mx\/\">aqu\u00ed<\/a>.Fecha l\u00edmite: 7 de septiembre de 2012. Gracias a Pepo por el dato.<\/p>\n<p><em>Mr. Mano de Papel<\/em><\/p>\n","protected":false},"excerpt":{"rendered":"<p>Bienal. de Cartel, primera edici\u00f3n en este 2012, especificamente de carteles in\u00e9ditos&#8230;.<\/p>\n<p><a href=\"http:\/\/www.manodepapel.com\/blog\/?p=5257\" class=\"more\">Seguir leyendo<\/a><\/p>\n","protected":false},"author":1,"featured_media":6385,"comment_status":"open","ping_status":"open","sticky":false,"template":"","format":"standard","meta":{"footnotes":""},"categories":[1],"tags":[936,25,139,937],"class_list":["post-5257","post","type-post","status-publish","format-standard","has-post-thumbnail","hentry","category-diseno","tag-bienal-cartel","tag-cartel","tag-diseno-2","tag-interdiseno"],"_links":{"self":[{"href":"http:\/\/www.manodepapel.com\/blog\/index.php?rest_route=\/wp\/v2\/posts\/5257","targetHints":{"allow":["GET"]}}],"collection":[{"href":"http:\/\/www.manodepapel.com\/blog\/index.php?rest_route=\/wp\/v2\/posts"}],"about":[{"href":"http:\/\/www.manodepapel.com\/blog\/index.php?rest_route=\/wp\/v2\/types\/post"}],"author":[{"embeddable":true,"href":"http:\/\/www.manodepapel.com\/blog\/index.php?rest_route=\/wp\/v2\/users\/1"}],"replies":[{"embeddable":true,"href":"http:\/\/www.manodepapel.com\/blog\/index.php?rest_route=%2Fwp%2Fv2%2Fcomments&post=5257"}],"version-history":[{"count":3,"href":"http:\/\/www.manodepapel.com\/blog\/index.php?rest_route=\/wp\/v2\/posts\/5257\/revisions"}],"predecessor-version":[{"id":5260,"href":"http:\/\/www.manodepapel.com\/blog\/index.php?rest_route=\/wp\/v2\/posts\/5257\/revisions\/5260"}],"wp:featuredmedia":[{"embeddable":true,"href":"http:\/\/www.manodepapel.com\/blog\/index.php?rest_route=\/wp\/v2\/media\/6385"}],"wp:attachment":[{"href":"http:\/\/www.manodepapel.com\/blog\/index.php?rest_route=%2Fwp%2Fv2%2Fmedia&parent=5257"}],"wp:term":[{"taxonomy":"category","embeddable":true,"href":"http:\/\/www.manodepapel.com\/blog\/index.php?rest_route=%2Fwp%2Fv2%2Fcategories&post=5257"},{"taxonomy":"post_tag","embeddable":true,"href":"http:\/\/www.manodepapel.com\/blog\/index.php?rest_route=%2Fwp%2Fv2%2Ftags&post=5257"}],"curies":[{"name":"wp","href":"https:\/\/api.w.org\/{rel}","templated":true}]}}