{"id":5816,"date":"2012-12-27T23:49:49","date_gmt":"2012-12-28T04:49:49","guid":{"rendered":"http:\/\/www.manodepapel.com\/blog\/?p=5816"},"modified":"2013-03-06T19:47:22","modified_gmt":"2013-03-07T00:47:22","slug":"1037","status":"publish","type":"post","link":"http:\/\/www.manodepapel.com\/blog\/?p=5816","title":{"rendered":"1037."},"content":{"rendered":"<p><a href=\"http:\/\/www.manodepapel.com\/blog\/wp-content\/uploads\/2012\/12\/paratallerhormalow.jpg\"><img loading=\"lazy\" decoding=\"async\" src=\"http:\/\/www.manodepapel.com\/blog\/wp-content\/uploads\/2012\/12\/paratallerhormalow.jpg\" alt=\"\" title=\"Santiago Sol\u00eds \/ Taller Grupo Horma\" width=\"400\" height=\"582\" class=\"alignnone size-full wp-image-5817\" srcset=\"http:\/\/www.manodepapel.com\/blog\/wp-content\/uploads\/2012\/12\/paratallerhormalow.jpg 400w, http:\/\/www.manodepapel.com\/blog\/wp-content\/uploads\/2012\/12\/paratallerhormalow-206x300.jpg 206w\" sizes=\"auto, (max-width: 400px) 100vw, 400px\" \/><\/a><\/p>\n<p><strong>Taller.<\/strong> Dar\u00e9 un taller de ilustraci\u00f3n con <a href=\"http:\/\/www.grupohorma.com\/\">Grupo Horma<\/a>, <em>Yo ser\u00eda otro si no hubiera nacido, taller de im\u00e1genes noveles<\/em>, impartido por su seguro servidor Santiago Sol\u00eds. El objetivo del taller es que el residente \u2014con poca experiencia profesional\u2014 logre descifrar sus procesos para narrar con im\u00e1genes. Se llevar\u00e1 a cabo los s\u00e1bados 2, 9 y 16 de febrero de 2013. Duraci\u00f3n: 15 horas. Horario: 10:00 a 15:00 horas. Lugar: Allende 21-402, centro hist\u00f3rico, ciudad de M\u00e9xico. M\u00e1s informaci\u00f3n <a href=\"http:\/\/www.grupohorma.com\/?page_id=27\">aqu\u00ed<\/a> y <a href=\"http:\/\/www.facebook.com\/events\/398551630219163\/\">aqu\u00ed<\/a>.<\/p>\n<p><em>Mr. Mano de Papel<\/em><\/p>\n","protected":false},"excerpt":{"rendered":"<p>Taller. Dar\u00e9 un taller de ilustraci\u00f3n con Grupo Horma, Yo ser\u00eda otro&#8230;<\/p>\n<p><a href=\"http:\/\/www.manodepapel.com\/blog\/?p=5816\" class=\"more\">Seguir leyendo<\/a><\/p>\n","protected":false},"author":1,"featured_media":6167,"comment_status":"open","ping_status":"open","sticky":false,"template":"","format":"standard","meta":{"footnotes":""},"categories":[7],"tags":[371,41,9,32],"class_list":["post-5816","post","type-post","status-publish","format-standard","has-post-thumbnail","hentry","category-estudio","tag-grupo-horma","tag-ilustracion","tag-mano-de-papel","tag-santiago-solis"],"_links":{"self":[{"href":"http:\/\/www.manodepapel.com\/blog\/index.php?rest_route=\/wp\/v2\/posts\/5816","targetHints":{"allow":["GET"]}}],"collection":[{"href":"http:\/\/www.manodepapel.com\/blog\/index.php?rest_route=\/wp\/v2\/posts"}],"about":[{"href":"http:\/\/www.manodepapel.com\/blog\/index.php?rest_route=\/wp\/v2\/types\/post"}],"author":[{"embeddable":true,"href":"http:\/\/www.manodepapel.com\/blog\/index.php?rest_route=\/wp\/v2\/users\/1"}],"replies":[{"embeddable":true,"href":"http:\/\/www.manodepapel.com\/blog\/index.php?rest_route=%2Fwp%2Fv2%2Fcomments&post=5816"}],"version-history":[{"count":2,"href":"http:\/\/www.manodepapel.com\/blog\/index.php?rest_route=\/wp\/v2\/posts\/5816\/revisions"}],"predecessor-version":[{"id":6186,"href":"http:\/\/www.manodepapel.com\/blog\/index.php?rest_route=\/wp\/v2\/posts\/5816\/revisions\/6186"}],"wp:featuredmedia":[{"embeddable":true,"href":"http:\/\/www.manodepapel.com\/blog\/index.php?rest_route=\/wp\/v2\/media\/6167"}],"wp:attachment":[{"href":"http:\/\/www.manodepapel.com\/blog\/index.php?rest_route=%2Fwp%2Fv2%2Fmedia&parent=5816"}],"wp:term":[{"taxonomy":"category","embeddable":true,"href":"http:\/\/www.manodepapel.com\/blog\/index.php?rest_route=%2Fwp%2Fv2%2Fcategories&post=5816"},{"taxonomy":"post_tag","embeddable":true,"href":"http:\/\/www.manodepapel.com\/blog\/index.php?rest_route=%2Fwp%2Fv2%2Ftags&post=5816"}],"curies":[{"name":"wp","href":"https:\/\/api.w.org\/{rel}","templated":true}]}}