{"id":8589,"date":"2013-06-25T22:39:54","date_gmt":"2013-06-26T03:39:54","guid":{"rendered":"http:\/\/www.manodepapel.com\/blog\/?p=8589"},"modified":"2013-07-03T13:29:16","modified_gmt":"2013-07-03T18:29:16","slug":"1031-2","status":"publish","type":"post","link":"http:\/\/www.manodepapel.com\/blog\/?p=8589","title":{"rendered":"1131."},"content":{"rendered":"<p><a href=\"http:\/\/www.manodepapel.com\/blog\/wp-content\/uploads\/2013\/06\/viko.jpg\"><img loading=\"lazy\" decoding=\"async\" src=\"http:\/\/www.manodepapel.com\/blog\/wp-content\/uploads\/2013\/06\/viko.jpg\" alt=\"Viko\" width=\"400\" height=\"528\" class=\"alignnone size-full wp-image-8590\" srcset=\"http:\/\/www.manodepapel.com\/blog\/wp-content\/uploads\/2013\/06\/viko.jpg 400w, http:\/\/www.manodepapel.com\/blog\/wp-content\/uploads\/2013\/06\/viko-227x300.jpg 227w, http:\/\/www.manodepapel.com\/blog\/wp-content\/uploads\/2013\/06\/viko-378x498.jpg 378w\" sizes=\"auto, (max-width: 400px) 100vw, 400px\" \/><\/a><\/p>\n<p><strong>Festival.<\/strong> Primer Festival de Arte y Dise\u00f1o VIKO (fiesta en mixteco), del 28 al 30 de junio de 2013. Organizado por el blog de dise\u00f1o <a href=\"http:\/\/blog.mecate.mx\/\">Mecate<\/a>: &#8220;El festival servir\u00e1 como plataforma para mostrar lo que los productores de dise\u00f1o independiente mexicano realizan. Adem\u00e1s es un espacio donde gente como Gabriel Mart\u00ednez Meave y Sergio del Puerto quienes junto a otras personalidades talentosas y con gran experiencia compartir\u00e1n trabajo y experiencia&#8221;. M\u00e1s informaci\u00f3n <a href=\"http:\/\/blog.mecate.mx\/primer-festival-de-arte-y-diseno-viko\/\">aqui<\/a>. Lugar: Regina 87, Centro Hist\u00f3rico, ciudad de M\u00e9xico. A partir de las 11:OO horas. Entrada libre.<\/p>\n<p><em>Mr. Mano de Papel<\/em><\/p>\n","protected":false},"excerpt":{"rendered":"<p>Festival. Primer Festival de Arte y Dise\u00f1o VIKO (fiesta en mixteco), del&#8230;<\/p>\n<p><a href=\"http:\/\/www.manodepapel.com\/blog\/?p=8589\" class=\"more\">Seguir leyendo<\/a><\/p>\n","protected":false},"author":1,"featured_media":8591,"comment_status":"open","ping_status":"open","sticky":false,"template":"","format":"standard","meta":{"footnotes":""},"categories":[1],"tags":[139,602,83],"class_list":["post-8589","post","type-post","status-publish","format-standard","has-post-thumbnail","hentry","category-diseno","tag-diseno-2","tag-festival","tag-mecate"],"_links":{"self":[{"href":"http:\/\/www.manodepapel.com\/blog\/index.php?rest_route=\/wp\/v2\/posts\/8589","targetHints":{"allow":["GET"]}}],"collection":[{"href":"http:\/\/www.manodepapel.com\/blog\/index.php?rest_route=\/wp\/v2\/posts"}],"about":[{"href":"http:\/\/www.manodepapel.com\/blog\/index.php?rest_route=\/wp\/v2\/types\/post"}],"author":[{"embeddable":true,"href":"http:\/\/www.manodepapel.com\/blog\/index.php?rest_route=\/wp\/v2\/users\/1"}],"replies":[{"embeddable":true,"href":"http:\/\/www.manodepapel.com\/blog\/index.php?rest_route=%2Fwp%2Fv2%2Fcomments&post=8589"}],"version-history":[{"count":3,"href":"http:\/\/www.manodepapel.com\/blog\/index.php?rest_route=\/wp\/v2\/posts\/8589\/revisions"}],"predecessor-version":[{"id":8638,"href":"http:\/\/www.manodepapel.com\/blog\/index.php?rest_route=\/wp\/v2\/posts\/8589\/revisions\/8638"}],"wp:featuredmedia":[{"embeddable":true,"href":"http:\/\/www.manodepapel.com\/blog\/index.php?rest_route=\/wp\/v2\/media\/8591"}],"wp:attachment":[{"href":"http:\/\/www.manodepapel.com\/blog\/index.php?rest_route=%2Fwp%2Fv2%2Fmedia&parent=8589"}],"wp:term":[{"taxonomy":"category","embeddable":true,"href":"http:\/\/www.manodepapel.com\/blog\/index.php?rest_route=%2Fwp%2Fv2%2Fcategories&post=8589"},{"taxonomy":"post_tag","embeddable":true,"href":"http:\/\/www.manodepapel.com\/blog\/index.php?rest_route=%2Fwp%2Fv2%2Ftags&post=8589"}],"curies":[{"name":"wp","href":"https:\/\/api.w.org\/{rel}","templated":true}]}}