{"id":9852,"date":"2014-10-08T11:46:35","date_gmt":"2014-10-08T16:46:35","guid":{"rendered":"http:\/\/www.manodepapel.com\/blog\/?p=9852"},"modified":"2014-10-08T17:51:00","modified_gmt":"2014-10-08T22:51:00","slug":"1347","status":"publish","type":"post","link":"http:\/\/www.manodepapel.com\/blog\/?p=9852","title":{"rendered":"1347."},"content":{"rendered":"<p><a href=\"http:\/\/www.manodepapel.com\/blog\/wp-content\/uploads\/2014\/10\/bienal-bolivia1.jpg\"><img loading=\"lazy\" decoding=\"async\" src=\"http:\/\/www.manodepapel.com\/blog\/wp-content\/uploads\/2014\/10\/bienal-bolivia1.jpg\" alt=\"bienal bolivia cartel\" width=\"400\" height=\"505\" class=\"alignnone size-full wp-image-9854\" srcset=\"http:\/\/www.manodepapel.com\/blog\/wp-content\/uploads\/2014\/10\/bienal-bolivia1.jpg 400w, http:\/\/www.manodepapel.com\/blog\/wp-content\/uploads\/2014\/10\/bienal-bolivia1-237x300.jpg 237w, http:\/\/www.manodepapel.com\/blog\/wp-content\/uploads\/2014\/10\/bienal-bolivia1-378x477.jpg 378w\" sizes=\"auto, (max-width: 400px) 100vw, 400px\" \/><\/a><\/p>\n<p><strong>Bienal.<\/strong> De <a href=\"http:\/\/www.bicebebolivia.com\/\">Cartel de Bolivia<\/a> en su edici\u00f3n 2015, abre su convocatoria para participar en la muestra del pr\u00f3ximo a\u00f1o, el pa\u00eds invitado es: Espa\u00f1a. En la edici\u00f3n pasada gener\u00f3 una aplicaci\u00f3n para celulares que estaba muy bien, con poco tiempo esta bienal se esta haciendo de prestigio en la region. Fecha l\u00edmite de recepci\u00f3n: 2015. La convocatoria <a href=\"http:\/\/www.bicebebolivia.com\/Convocatoria.html\">aqu\u00ed<\/a>. A participar.<\/p>\n<p><em>Mr. Mano de Papel<\/em><\/p>\n","protected":false},"excerpt":{"rendered":"<p>Bienal. De Cartel de Bolivia en su edici\u00f3n 2015, abre su convocatoria&#8230;<\/p>\n<p><a href=\"http:\/\/www.manodepapel.com\/blog\/?p=9852\" class=\"more\">Seguir leyendo<\/a><\/p>\n","protected":false},"author":1,"featured_media":9855,"comment_status":"open","ping_status":"open","sticky":false,"template":"","format":"standard","meta":{"footnotes":""},"categories":[1],"tags":[1326,1325,25,139],"class_list":["post-9852","post","type-post","status-publish","format-standard","has-post-thumbnail","hentry","category-diseno","tag-bicebe","tag-bienal-boliva-cartel","tag-cartel","tag-diseno-2"],"_links":{"self":[{"href":"http:\/\/www.manodepapel.com\/blog\/index.php?rest_route=\/wp\/v2\/posts\/9852","targetHints":{"allow":["GET"]}}],"collection":[{"href":"http:\/\/www.manodepapel.com\/blog\/index.php?rest_route=\/wp\/v2\/posts"}],"about":[{"href":"http:\/\/www.manodepapel.com\/blog\/index.php?rest_route=\/wp\/v2\/types\/post"}],"author":[{"embeddable":true,"href":"http:\/\/www.manodepapel.com\/blog\/index.php?rest_route=\/wp\/v2\/users\/1"}],"replies":[{"embeddable":true,"href":"http:\/\/www.manodepapel.com\/blog\/index.php?rest_route=%2Fwp%2Fv2%2Fcomments&post=9852"}],"version-history":[{"count":2,"href":"http:\/\/www.manodepapel.com\/blog\/index.php?rest_route=\/wp\/v2\/posts\/9852\/revisions"}],"predecessor-version":[{"id":9859,"href":"http:\/\/www.manodepapel.com\/blog\/index.php?rest_route=\/wp\/v2\/posts\/9852\/revisions\/9859"}],"wp:featuredmedia":[{"embeddable":true,"href":"http:\/\/www.manodepapel.com\/blog\/index.php?rest_route=\/wp\/v2\/media\/9855"}],"wp:attachment":[{"href":"http:\/\/www.manodepapel.com\/blog\/index.php?rest_route=%2Fwp%2Fv2%2Fmedia&parent=9852"}],"wp:term":[{"taxonomy":"category","embeddable":true,"href":"http:\/\/www.manodepapel.com\/blog\/index.php?rest_route=%2Fwp%2Fv2%2Fcategories&post=9852"},{"taxonomy":"post_tag","embeddable":true,"href":"http:\/\/www.manodepapel.com\/blog\/index.php?rest_route=%2Fwp%2Fv2%2Ftags&post=9852"}],"curies":[{"name":"wp","href":"https:\/\/api.w.org\/{rel}","templated":true}]}}