{"id":10604,"date":"2015-05-18T14:26:23","date_gmt":"2015-05-18T19:26:23","guid":{"rendered":"http:\/\/www.manodepapel.com\/blog\/?p=10604"},"modified":"2015-05-26T15:53:49","modified_gmt":"2015-05-26T20:53:49","slug":"1473","status":"publish","type":"post","link":"https:\/\/www.manodepapel.com\/blog\/?p=10604","title":{"rendered":"1473."},"content":{"rendered":"<p><a href=\"http:\/\/www.manodepapel.com\/blog\/wp-content\/uploads\/2015\/05\/alz2.jpg\"><img loading=\"lazy\" decoding=\"async\" src=\"http:\/\/www.manodepapel.com\/blog\/wp-content\/uploads\/2015\/05\/alz2.jpg\" alt=\"alz2\" width=\"400\" height=\"600\" class=\"alignnone size-full wp-image-10639\" srcset=\"https:\/\/www.manodepapel.com\/blog\/wp-content\/uploads\/2015\/05\/alz2.jpg 400w, https:\/\/www.manodepapel.com\/blog\/wp-content\/uploads\/2015\/05\/alz2-200x300.jpg 200w, https:\/\/www.manodepapel.com\/blog\/wp-content\/uploads\/2015\/05\/alz2-378x567.jpg 378w\" sizes=\"auto, (max-width: 400px) 100vw, 400px\" \/><\/a><\/p>\n<p><strong>Concurso.<\/strong> De cartel, con el tema: <em>El Alzheimer, un problema de todos<\/em>:<br \/>\n&#8220;Concurso de cartel que busca fomentar el conocimiento, el inter\u00e9s y la participaci\u00f3n de la ciudadan\u00eda en torno al Alzheimer y los implicados en el padecimiento de esta enfermedad&#8221;.<br \/>\nPromovido por la <a href=\"http:\/\/www.uaslp.mx\/Spanish\/Academicas\/FM\/Medicina\/Paginas\/default.aspx\">Facultad de Medicina<\/a> y la <a href=\"http:\/\/habitat.uaslp.mx\/Paginas\/default.aspx\">Facultad del H\u00e1bitat<\/a> de la Universidad Aut\u00f3noma de San Luis Potos\u00ed y la <a href=\"http:\/\/www.apaes.com.mx\/documentos\/QueEsAz.cfm\">Asociaci\u00f3n Potosina de Alzheimer y Enfermedades Similares<\/a>, A.C. Caracter\u00edsticas: Tama\u00f1o 60 x 90 cm, formato vertical \u00fanicamente, t\u00e9cnica libre.<br \/>\nFecha l\u00edmite: 8 de junio de 2015. M\u00e1s informaci\u00f3n <a href=\"https:\/\/www.facebook.com\/events\/1604825926442695\/\">aqu\u00ed<\/a>.<\/p>\n<p><em>Mr. Mano de Papel<\/em><\/p>\n","protected":false},"excerpt":{"rendered":"<p>Concurso. De cartel, con el tema: El Alzheimer, un problema de todos:&#8230;<\/p>\n<p><a href=\"https:\/\/www.manodepapel.com\/blog\/?p=10604\" class=\"more\">Seguir leyendo<\/a><\/p>\n","protected":false},"author":1,"featured_media":10606,"comment_status":"open","ping_status":"open","sticky":false,"template":"","format":"standard","meta":{"footnotes":""},"categories":[1],"tags":[1477,25,139,342],"class_list":["post-10604","post","type-post","status-publish","format-standard","has-post-thumbnail","hentry","category-diseno","tag-alzheimer","tag-cartel","tag-diseno-2","tag-facultad-del-habitat"],"_links":{"self":[{"href":"https:\/\/www.manodepapel.com\/blog\/index.php?rest_route=\/wp\/v2\/posts\/10604","targetHints":{"allow":["GET"]}}],"collection":[{"href":"https:\/\/www.manodepapel.com\/blog\/index.php?rest_route=\/wp\/v2\/posts"}],"about":[{"href":"https:\/\/www.manodepapel.com\/blog\/index.php?rest_route=\/wp\/v2\/types\/post"}],"author":[{"embeddable":true,"href":"https:\/\/www.manodepapel.com\/blog\/index.php?rest_route=\/wp\/v2\/users\/1"}],"replies":[{"embeddable":true,"href":"https:\/\/www.manodepapel.com\/blog\/index.php?rest_route=%2Fwp%2Fv2%2Fcomments&post=10604"}],"version-history":[{"count":2,"href":"https:\/\/www.manodepapel.com\/blog\/index.php?rest_route=\/wp\/v2\/posts\/10604\/revisions"}],"predecessor-version":[{"id":10640,"href":"https:\/\/www.manodepapel.com\/blog\/index.php?rest_route=\/wp\/v2\/posts\/10604\/revisions\/10640"}],"wp:featuredmedia":[{"embeddable":true,"href":"https:\/\/www.manodepapel.com\/blog\/index.php?rest_route=\/wp\/v2\/media\/10606"}],"wp:attachment":[{"href":"https:\/\/www.manodepapel.com\/blog\/index.php?rest_route=%2Fwp%2Fv2%2Fmedia&parent=10604"}],"wp:term":[{"taxonomy":"category","embeddable":true,"href":"https:\/\/www.manodepapel.com\/blog\/index.php?rest_route=%2Fwp%2Fv2%2Fcategories&post=10604"},{"taxonomy":"post_tag","embeddable":true,"href":"https:\/\/www.manodepapel.com\/blog\/index.php?rest_route=%2Fwp%2Fv2%2Ftags&post=10604"}],"curies":[{"name":"wp","href":"https:\/\/api.w.org\/{rel}","templated":true}]}}