{"id":1127,"date":"2009-08-23T14:18:04","date_gmt":"2009-08-23T19:18:04","guid":{"rendered":"http:\/\/www.manodepapel.com\/blog\/?p=1127"},"modified":"2013-03-28T16:45:06","modified_gmt":"2013-03-28T21:45:06","slug":"315","status":"publish","type":"post","link":"https:\/\/www.manodepapel.com\/blog\/?p=1127","title":{"rendered":"315."},"content":{"rendered":"<p><img loading=\"lazy\" decoding=\"async\" src=\"http:\/\/www.manodepapel.com\/blog\/wp-content\/uploads\/2009\/08\/b-315.jpg\" alt=\"Leandro Pi\u00f1eiro\" title=\"Leandro Pi\u00f1eiro\" width=\"400\" height=\"287\" class=\"alignnone size-full wp-image-1128\" srcset=\"https:\/\/www.manodepapel.com\/blog\/wp-content\/uploads\/2009\/08\/b-315.jpg 400w, https:\/\/www.manodepapel.com\/blog\/wp-content\/uploads\/2009\/08\/b-315-300x215.jpg 300w\" sizes=\"auto, (max-width: 400px) 100vw, 400px\" \/><br \/>\nLeandro Pi\u00f1eiro, portada de <em>Sumertime<\/em><\/p>\n<p><strong>Feria Internacional de Libros de Artista.<\/strong> <a href=\"http:\/\/centrodelaimagen.conaculta.gob.mx\/\">Fotoseptiembre<\/a> inaugura &#8220;&#8230;un di\u00e1logo, en primera instancia, entre la fotograf\u00eda mexicana y argentina a trav\u00e9s de la Feria Internacional del Libro de Artista. En ella se presentan aproximadamente 230 trabajos de 200 artistas, la mitad de ellos de M\u00e9xico y la otra de Argentina, cuya presencia se debe a la colaboraci\u00f3n del Centro de la Imagen con el Espacio Ecl\u00e9ctico de Buenos Aires, donde se viene realizando la <a href=\"http:\/\/www.fotolibrosdeautor.com\/sitio\/contenidod.php\">Feria de Libros de Fotos de Autor<\/a> desde hace ocho a\u00f1os&#8221;. En el sitio de dicha feria argentina se pueden ver muestras y precios de las joyas. Es inevitable ir a verlas en vivo.<br \/>\nDel 30 de agosto al 6 de septiembre. Lugar: Biblioteca de M\u00e9xico, Plaza de la Ciudadela 4, Centro Hist\u00f3rico, ciudad de M\u00e9xico, de 11:00 a 18:00 horas.<br \/>\nGracias a <a href=\"http:\/\/www.flickr.com\/photos\/31271394@N07\/\">Leandro Pi\u00f1eiro<\/a> por la informaci\u00f3n, espero ver tu libro. <\/p>\n<p><em>Mr. Mano de Papel<\/em><\/p>\n","protected":false},"excerpt":{"rendered":"<p>Leandro Pi\u00f1eiro, portada de Sumertime Feria Internacional de Libros de Artista. Fotoseptiembre&#8230;<\/p>\n<p><a href=\"https:\/\/www.manodepapel.com\/blog\/?p=1127\" class=\"more\">Seguir leyendo<\/a><\/p>\n","protected":false},"author":1,"featured_media":7524,"comment_status":"open","ping_status":"open","sticky":false,"template":"","format":"standard","meta":{"footnotes":""},"categories":[5],"tags":[21,399,398],"class_list":["post-1127","post","type-post","status-publish","format-standard","has-post-thumbnail","hentry","category-fotografia","tag-fotografia-2","tag-fotoseptiembre","tag-leandro-pineiro"],"_links":{"self":[{"href":"https:\/\/www.manodepapel.com\/blog\/index.php?rest_route=\/wp\/v2\/posts\/1127","targetHints":{"allow":["GET"]}}],"collection":[{"href":"https:\/\/www.manodepapel.com\/blog\/index.php?rest_route=\/wp\/v2\/posts"}],"about":[{"href":"https:\/\/www.manodepapel.com\/blog\/index.php?rest_route=\/wp\/v2\/types\/post"}],"author":[{"embeddable":true,"href":"https:\/\/www.manodepapel.com\/blog\/index.php?rest_route=\/wp\/v2\/users\/1"}],"replies":[{"embeddable":true,"href":"https:\/\/www.manodepapel.com\/blog\/index.php?rest_route=%2Fwp%2Fv2%2Fcomments&post=1127"}],"version-history":[{"count":7,"href":"https:\/\/www.manodepapel.com\/blog\/index.php?rest_route=\/wp\/v2\/posts\/1127\/revisions"}],"predecessor-version":[{"id":7695,"href":"https:\/\/www.manodepapel.com\/blog\/index.php?rest_route=\/wp\/v2\/posts\/1127\/revisions\/7695"}],"wp:featuredmedia":[{"embeddable":true,"href":"https:\/\/www.manodepapel.com\/blog\/index.php?rest_route=\/wp\/v2\/media\/7524"}],"wp:attachment":[{"href":"https:\/\/www.manodepapel.com\/blog\/index.php?rest_route=%2Fwp%2Fv2%2Fmedia&parent=1127"}],"wp:term":[{"taxonomy":"category","embeddable":true,"href":"https:\/\/www.manodepapel.com\/blog\/index.php?rest_route=%2Fwp%2Fv2%2Fcategories&post=1127"},{"taxonomy":"post_tag","embeddable":true,"href":"https:\/\/www.manodepapel.com\/blog\/index.php?rest_route=%2Fwp%2Fv2%2Ftags&post=1127"}],"curies":[{"name":"wp","href":"https:\/\/api.w.org\/{rel}","templated":true}]}}