{"id":11379,"date":"2016-03-22T13:43:10","date_gmt":"2016-03-22T18:43:10","guid":{"rendered":"http:\/\/www.manodepapel.com\/blog\/?p=11379"},"modified":"2016-03-22T13:45:47","modified_gmt":"2016-03-22T18:45:47","slug":"1614","status":"publish","type":"post","link":"https:\/\/www.manodepapel.com\/blog\/?p=11379","title":{"rendered":"1614."},"content":{"rendered":"<p><a href=\"http:\/\/www.manodepapel.com\/blog\/wp-content\/uploads\/2016\/03\/CARTEL-FIG06b.jpg\" rel=\"attachment wp-att-11380\"><img loading=\"lazy\" decoding=\"async\" src=\"http:\/\/www.manodepapel.com\/blog\/wp-content\/uploads\/2016\/03\/CARTEL-FIG06b.jpg\" alt=\"FIG 06\" width=\"400\" height=\"600\" class=\"alignnone size-full wp-image-11380\" srcset=\"https:\/\/www.manodepapel.com\/blog\/wp-content\/uploads\/2016\/03\/CARTEL-FIG06b.jpg 400w, https:\/\/www.manodepapel.com\/blog\/wp-content\/uploads\/2016\/03\/CARTEL-FIG06b-200x300.jpg 200w, https:\/\/www.manodepapel.com\/blog\/wp-content\/uploads\/2016\/03\/CARTEL-FIG06b-378x567.jpg 378w\" sizes=\"auto, (max-width: 400px) 100vw, 400px\" \/><\/a><br \/>\nCartel de Julien Pacaud<\/p>\n<p><strong>Congreso.<\/strong> Desde Bogota, Colombia, llega la sexta edici\u00f3n del <em>Congreso Internacional de Ilustraci\u00f3n Fig. 06<\/em>, del 27 al 1 de mayo de 2016, organizado por <a href=\"http:\/\/casatintabogota.blogspot.mx\/\">Casa Tinta<\/a>. Como cada a\u00f1o, suben en nivel de talleres, conferencias, exposiciones y eventos, con la presencia de: Julien Pacaud (Francia), Roger Ycaza (Ecuador), Jutta Bauer (Alemania), Laura Varsky (Argentina), Brian Stauffer (Estados Unidos), Pablo Amargo (Espa\u00f1a), It\u00b4s Raining Elephants (Suiza), James Paick (Estados Unidos), Maitena (Argentina), La Grua (Espa\u00f1a), Quetzal Le\u00f3n (M\u00e9xico), Catalina Ru\u00edz (Colombia), Jan Rothuizen (Holanda), Marije Tolman (Holanda), Manuel G\u00f3mez Burns (Per\u00fa) y Philip Hopman (Holanda).<br \/>\nM\u00e1s informaci\u00f3n <a href=\"http:\/\/www.congresofig.com\/\">aqu\u00ed<\/a>.<\/p>\n<p><em>Mr. Mano de Papel<\/em><\/p>\n","protected":false},"excerpt":{"rendered":"<p>Cartel de Julien Pacaud Congreso. Desde Bogota, Colombia, llega la sexta edici\u00f3n&#8230;<\/p>\n<p><a href=\"https:\/\/www.manodepapel.com\/blog\/?p=11379\" class=\"more\">Seguir leyendo<\/a><\/p>\n","protected":false},"author":1,"featured_media":11381,"comment_status":"open","ping_status":"open","sticky":false,"template":"","format":"standard","meta":{"footnotes":""},"categories":[1],"tags":[14,900,139,1657,41],"class_list":["post-11379","post","type-post","status-publish","format-standard","has-post-thumbnail","hentry","category-diseno","tag-arte-2","tag-casa-tinta","tag-diseno-2","tag-fig-06","tag-ilustracion"],"_links":{"self":[{"href":"https:\/\/www.manodepapel.com\/blog\/index.php?rest_route=\/wp\/v2\/posts\/11379","targetHints":{"allow":["GET"]}}],"collection":[{"href":"https:\/\/www.manodepapel.com\/blog\/index.php?rest_route=\/wp\/v2\/posts"}],"about":[{"href":"https:\/\/www.manodepapel.com\/blog\/index.php?rest_route=\/wp\/v2\/types\/post"}],"author":[{"embeddable":true,"href":"https:\/\/www.manodepapel.com\/blog\/index.php?rest_route=\/wp\/v2\/users\/1"}],"replies":[{"embeddable":true,"href":"https:\/\/www.manodepapel.com\/blog\/index.php?rest_route=%2Fwp%2Fv2%2Fcomments&post=11379"}],"version-history":[{"count":2,"href":"https:\/\/www.manodepapel.com\/blog\/index.php?rest_route=\/wp\/v2\/posts\/11379\/revisions"}],"predecessor-version":[{"id":11383,"href":"https:\/\/www.manodepapel.com\/blog\/index.php?rest_route=\/wp\/v2\/posts\/11379\/revisions\/11383"}],"wp:featuredmedia":[{"embeddable":true,"href":"https:\/\/www.manodepapel.com\/blog\/index.php?rest_route=\/wp\/v2\/media\/11381"}],"wp:attachment":[{"href":"https:\/\/www.manodepapel.com\/blog\/index.php?rest_route=%2Fwp%2Fv2%2Fmedia&parent=11379"}],"wp:term":[{"taxonomy":"category","embeddable":true,"href":"https:\/\/www.manodepapel.com\/blog\/index.php?rest_route=%2Fwp%2Fv2%2Fcategories&post=11379"},{"taxonomy":"post_tag","embeddable":true,"href":"https:\/\/www.manodepapel.com\/blog\/index.php?rest_route=%2Fwp%2Fv2%2Ftags&post=11379"}],"curies":[{"name":"wp","href":"https:\/\/api.w.org\/{rel}","templated":true}]}}