{"id":11781,"date":"2016-09-23T18:49:08","date_gmt":"2016-09-23T23:49:08","guid":{"rendered":"http:\/\/www.manodepapel.com\/blog\/?p=11781"},"modified":"2016-09-23T20:52:53","modified_gmt":"2016-09-24T01:52:53","slug":"1688","status":"publish","type":"post","link":"https:\/\/www.manodepapel.com\/blog\/?p=11781","title":{"rendered":"1688."},"content":{"rendered":"<p><a href=\"http:\/\/www.manodepapel.com\/blog\/wp-content\/uploads\/2016\/09\/soni2.png\"><img loading=\"lazy\" decoding=\"async\" src=\"http:\/\/www.manodepapel.com\/blog\/wp-content\/uploads\/2016\/09\/soni2.png\" alt=\"soni2\" width=\"400\" height=\"400\" class=\"alignnone size-full wp-image-11783\" srcset=\"https:\/\/www.manodepapel.com\/blog\/wp-content\/uploads\/2016\/09\/soni2.png 400w, https:\/\/www.manodepapel.com\/blog\/wp-content\/uploads\/2016\/09\/soni2-150x150.png 150w, https:\/\/www.manodepapel.com\/blog\/wp-content\/uploads\/2016\/09\/soni2-300x300.png 300w, https:\/\/www.manodepapel.com\/blog\/wp-content\/uploads\/2016\/09\/soni2-378x378.png 378w\" sizes=\"auto, (max-width: 400px) 100vw, 400px\" \/><\/a><\/p>\n<p><strong>Taller.<\/strong> <em>El libro como experiencia (y experimento)<\/em>, con la ilustradora colombiana <a href=\"https:\/\/www.flickr.com\/photos\/soniaperez\">Sonia P\u00e9rez<\/a> en <a href=\"https:\/\/www.facebook.com\/cuartopara3\/?fref=ts\">Cuarto para las tres<\/a>. 4 sesiones. Las fechas: s\u00e1bados 1, 8, 15 y 22 de octubre de 2016. Horarios: de 10:00 a 13:00 horas. M\u00e1s informaci\u00f3n <a href=\"https:\/\/www.facebook.com\/events\/1229034060473113\/\">aqu\u00ed<\/a>.<\/p>\n<p><em>Mr. Mano de Papel<\/em><\/p>\n","protected":false},"excerpt":{"rendered":"<p>Taller. El libro como experiencia (y experimento), con la ilustradora colombiana Sonia&#8230;<\/p>\n<p><a href=\"https:\/\/www.manodepapel.com\/blog\/?p=11781\" class=\"more\">Seguir leyendo<\/a><\/p>\n","protected":false},"author":1,"featured_media":11782,"comment_status":"open","ping_status":"open","sticky":false,"template":"","format":"standard","meta":{"footnotes":""},"categories":[1],"tags":[1673,41,285,1737],"class_list":["post-11781","post","type-post","status-publish","format-standard","has-post-thumbnail","hentry","category-diseno","tag-cuarto-para-las-tres","tag-ilustracion","tag-libro","tag-sonia-perez"],"_links":{"self":[{"href":"https:\/\/www.manodepapel.com\/blog\/index.php?rest_route=\/wp\/v2\/posts\/11781","targetHints":{"allow":["GET"]}}],"collection":[{"href":"https:\/\/www.manodepapel.com\/blog\/index.php?rest_route=\/wp\/v2\/posts"}],"about":[{"href":"https:\/\/www.manodepapel.com\/blog\/index.php?rest_route=\/wp\/v2\/types\/post"}],"author":[{"embeddable":true,"href":"https:\/\/www.manodepapel.com\/blog\/index.php?rest_route=\/wp\/v2\/users\/1"}],"replies":[{"embeddable":true,"href":"https:\/\/www.manodepapel.com\/blog\/index.php?rest_route=%2Fwp%2Fv2%2Fcomments&post=11781"}],"version-history":[{"count":2,"href":"https:\/\/www.manodepapel.com\/blog\/index.php?rest_route=\/wp\/v2\/posts\/11781\/revisions"}],"predecessor-version":[{"id":11795,"href":"https:\/\/www.manodepapel.com\/blog\/index.php?rest_route=\/wp\/v2\/posts\/11781\/revisions\/11795"}],"wp:featuredmedia":[{"embeddable":true,"href":"https:\/\/www.manodepapel.com\/blog\/index.php?rest_route=\/wp\/v2\/media\/11782"}],"wp:attachment":[{"href":"https:\/\/www.manodepapel.com\/blog\/index.php?rest_route=%2Fwp%2Fv2%2Fmedia&parent=11781"}],"wp:term":[{"taxonomy":"category","embeddable":true,"href":"https:\/\/www.manodepapel.com\/blog\/index.php?rest_route=%2Fwp%2Fv2%2Fcategories&post=11781"},{"taxonomy":"post_tag","embeddable":true,"href":"https:\/\/www.manodepapel.com\/blog\/index.php?rest_route=%2Fwp%2Fv2%2Ftags&post=11781"}],"curies":[{"name":"wp","href":"https:\/\/api.w.org\/{rel}","templated":true}]}}