{"id":12046,"date":"2017-04-13T00:43:17","date_gmt":"2017-04-13T05:43:17","guid":{"rendered":"http:\/\/www.manodepapel.com\/blog\/?p=12046"},"modified":"2017-04-13T00:43:41","modified_gmt":"2017-04-13T05:43:41","slug":"1737","status":"publish","type":"post","link":"https:\/\/www.manodepapel.com\/blog\/?p=12046","title":{"rendered":"1737."},"content":{"rendered":"<p><a href=\"http:\/\/www.manodepapel.com\/blog\/wp-content\/uploads\/2017\/04\/nuria1.png\"><img loading=\"lazy\" decoding=\"async\" src=\"http:\/\/www.manodepapel.com\/blog\/wp-content\/uploads\/2017\/04\/nuria1.png\" alt=\"\" width=\"400\" height=\"400\" class=\"alignnone size-full wp-image-12048\" srcset=\"https:\/\/www.manodepapel.com\/blog\/wp-content\/uploads\/2017\/04\/nuria1.png 400w, https:\/\/www.manodepapel.com\/blog\/wp-content\/uploads\/2017\/04\/nuria1-150x150.png 150w, https:\/\/www.manodepapel.com\/blog\/wp-content\/uploads\/2017\/04\/nuria1-300x300.png 300w, https:\/\/www.manodepapel.com\/blog\/wp-content\/uploads\/2017\/04\/nuria1-378x378.png 378w\" sizes=\"auto, (max-width: 400px) 100vw, 400px\" \/><\/a><\/p>\n<p><strong>Exposici\u00f3n.<\/strong> De arte e ilustraci\u00f3n, <em>Acu\u00e9rdate de todos tus \u00f3rganos<\/em>, de <a href=\"http:\/\/www.nuriadiaz.net\/\">Nuria D\u00edaz Ib\u00e1\u00f1ez<\/a> en V\u00e9rtigo Galer\u00eda:<br \/>\n\u201cEs una reflexi\u00f3n est\u00e9tica a partir de un descubrimiento personal, los intensos procesos de trabajo traen consecuencias complejas a nuestro organismo, nuestra salud y estado de \u00e1nimo. El trabajo sin conciencia puede producir determinados cambios bruscos en el organismo, en cada uno de los \u00f3rganos o en alguno en concreto si el sentimiento o la emoci\u00f3n generada es reiterativa\u201d.<br \/>\nLa cita es el 19 de abril de 2017, a partir de las 19:30 horas. M\u00e1s informaci\u00f3n <a href=\"https:\/\/www.facebook.com\/events\/118435475369822\/?acontext=%7B%22ref%22%3A%2222%22%2C%22feed_story_type%22%3A%2222%22%2C%22action_history%22%3A%22null%22%7D&#038;pnref=story\">aqu\u00ed<\/a>. Lugar: Colima 23, Colonia Roma, ciudad de M\u00e9xico. \u00c9xito Nuria!<\/p>\n<p><em>Mr. Mano de Papel<\/em><\/p>\n","protected":false},"excerpt":{"rendered":"<p>Exposici\u00f3n. De arte e ilustraci\u00f3n, Acu\u00e9rdate de todos tus \u00f3rganos, de Nuria&#8230;<\/p>\n<p><a href=\"https:\/\/www.manodepapel.com\/blog\/?p=12046\" class=\"more\">Seguir leyendo<\/a><\/p>\n","protected":false},"author":1,"featured_media":12047,"comment_status":"open","ping_status":"open","sticky":false,"template":"","format":"standard","meta":{"footnotes":""},"categories":[1],"tags":[14,41,1794,282],"class_list":["post-12046","post","type-post","status-publish","format-standard","has-post-thumbnail","hentry","category-diseno","tag-arte-2","tag-ilustracion","tag-nuria-diaz-ibanez","tag-vertigo-galeria"],"_links":{"self":[{"href":"https:\/\/www.manodepapel.com\/blog\/index.php?rest_route=\/wp\/v2\/posts\/12046","targetHints":{"allow":["GET"]}}],"collection":[{"href":"https:\/\/www.manodepapel.com\/blog\/index.php?rest_route=\/wp\/v2\/posts"}],"about":[{"href":"https:\/\/www.manodepapel.com\/blog\/index.php?rest_route=\/wp\/v2\/types\/post"}],"author":[{"embeddable":true,"href":"https:\/\/www.manodepapel.com\/blog\/index.php?rest_route=\/wp\/v2\/users\/1"}],"replies":[{"embeddable":true,"href":"https:\/\/www.manodepapel.com\/blog\/index.php?rest_route=%2Fwp%2Fv2%2Fcomments&post=12046"}],"version-history":[{"count":2,"href":"https:\/\/www.manodepapel.com\/blog\/index.php?rest_route=\/wp\/v2\/posts\/12046\/revisions"}],"predecessor-version":[{"id":12050,"href":"https:\/\/www.manodepapel.com\/blog\/index.php?rest_route=\/wp\/v2\/posts\/12046\/revisions\/12050"}],"wp:featuredmedia":[{"embeddable":true,"href":"https:\/\/www.manodepapel.com\/blog\/index.php?rest_route=\/wp\/v2\/media\/12047"}],"wp:attachment":[{"href":"https:\/\/www.manodepapel.com\/blog\/index.php?rest_route=%2Fwp%2Fv2%2Fmedia&parent=12046"}],"wp:term":[{"taxonomy":"category","embeddable":true,"href":"https:\/\/www.manodepapel.com\/blog\/index.php?rest_route=%2Fwp%2Fv2%2Fcategories&post=12046"},{"taxonomy":"post_tag","embeddable":true,"href":"https:\/\/www.manodepapel.com\/blog\/index.php?rest_route=%2Fwp%2Fv2%2Ftags&post=12046"}],"curies":[{"name":"wp","href":"https:\/\/api.w.org\/{rel}","templated":true}]}}