{"id":12199,"date":"2017-07-07T15:57:30","date_gmt":"2017-07-07T20:57:30","guid":{"rendered":"http:\/\/www.manodepapel.com\/blog\/?p=12199"},"modified":"2017-07-07T15:57:39","modified_gmt":"2017-07-07T20:57:39","slug":"1762","status":"publish","type":"post","link":"https:\/\/www.manodepapel.com\/blog\/?p=12199","title":{"rendered":"1762."},"content":{"rendered":"<p><a href=\"http:\/\/www.manodepapel.com\/blog\/wp-content\/uploads\/2017\/07\/mira12.jpg\"><img loading=\"lazy\" decoding=\"async\" src=\"http:\/\/www.manodepapel.com\/blog\/wp-content\/uploads\/2017\/07\/mira12.jpg\" alt=\"\" width=\"400\" height=\"400\" class=\"alignnone size-full wp-image-12200\" srcset=\"https:\/\/www.manodepapel.com\/blog\/wp-content\/uploads\/2017\/07\/mira12.jpg 400w, https:\/\/www.manodepapel.com\/blog\/wp-content\/uploads\/2017\/07\/mira12-150x150.jpg 150w, https:\/\/www.manodepapel.com\/blog\/wp-content\/uploads\/2017\/07\/mira12-300x300.jpg 300w, https:\/\/www.manodepapel.com\/blog\/wp-content\/uploads\/2017\/07\/mira12-378x378.jpg 378w\" sizes=\"auto, (max-width: 400px) 100vw, 400px\" \/><\/a><\/p>\n<p><strong>Exposici\u00f3n.<\/strong> <em>Mira Guapa<\/em>, colectiva de ilustradoras mexicanas en la Galer\u00eda Jos\u00e9 Mar\u00eda Velasco el 15 de julio a las 12:00 horas:<br \/>\n&#8220;&#8230; es una revisi\u00f3n representativa de ilustradoras de varias partes de la rep\u00fablica mexicana, a partir de la acuciosa mirada de Kenia N\u00e1rez, la Revista Picnic y \u00d3scar Rodr\u00edguez, hacen enlace con j\u00f3venes talentos en el campo de la ilustraci\u00f3n contempor\u00e1nea&#8221;<br \/>\nLugar: Peralvillo 55, Colonia Morelos, Ciudad M\u00e9xico. M\u00e1s informaci\u00f3n <a href=\"http:\/\/www.galeriavelasco.bellasartes.gob.mx\/\">aqu\u00ed<\/a>. Hasta el 27 de agosto de 2017.<\/p>\n<p><em>Mr. Mano de Papel<\/em><\/p>\n","protected":false},"excerpt":{"rendered":"<p>Exposici\u00f3n. Mira Guapa, colectiva de ilustradoras mexicanas en la Galer\u00eda Jos\u00e9 Mar\u00eda&#8230;<\/p>\n<p><a href=\"https:\/\/www.manodepapel.com\/blog\/?p=12199\" class=\"more\">Seguir leyendo<\/a><\/p>\n","protected":false},"author":1,"featured_media":12195,"comment_status":"open","ping_status":"open","sticky":false,"template":"","format":"standard","meta":{"footnotes":""},"categories":[1],"tags":[14,549,41,646,1585,1160],"class_list":["post-12199","post","type-post","status-publish","format-standard","has-post-thumbnail","hentry","category-diseno","tag-arte-2","tag-galeria-jose-maria-velasco","tag-ilustracion","tag-kenia-narez","tag-oscar-rodriguez-amado","tag-revista-picnic"],"_links":{"self":[{"href":"https:\/\/www.manodepapel.com\/blog\/index.php?rest_route=\/wp\/v2\/posts\/12199","targetHints":{"allow":["GET"]}}],"collection":[{"href":"https:\/\/www.manodepapel.com\/blog\/index.php?rest_route=\/wp\/v2\/posts"}],"about":[{"href":"https:\/\/www.manodepapel.com\/blog\/index.php?rest_route=\/wp\/v2\/types\/post"}],"author":[{"embeddable":true,"href":"https:\/\/www.manodepapel.com\/blog\/index.php?rest_route=\/wp\/v2\/users\/1"}],"replies":[{"embeddable":true,"href":"https:\/\/www.manodepapel.com\/blog\/index.php?rest_route=%2Fwp%2Fv2%2Fcomments&post=12199"}],"version-history":[{"count":2,"href":"https:\/\/www.manodepapel.com\/blog\/index.php?rest_route=\/wp\/v2\/posts\/12199\/revisions"}],"predecessor-version":[{"id":12202,"href":"https:\/\/www.manodepapel.com\/blog\/index.php?rest_route=\/wp\/v2\/posts\/12199\/revisions\/12202"}],"wp:featuredmedia":[{"embeddable":true,"href":"https:\/\/www.manodepapel.com\/blog\/index.php?rest_route=\/wp\/v2\/media\/12195"}],"wp:attachment":[{"href":"https:\/\/www.manodepapel.com\/blog\/index.php?rest_route=%2Fwp%2Fv2%2Fmedia&parent=12199"}],"wp:term":[{"taxonomy":"category","embeddable":true,"href":"https:\/\/www.manodepapel.com\/blog\/index.php?rest_route=%2Fwp%2Fv2%2Fcategories&post=12199"},{"taxonomy":"post_tag","embeddable":true,"href":"https:\/\/www.manodepapel.com\/blog\/index.php?rest_route=%2Fwp%2Fv2%2Ftags&post=12199"}],"curies":[{"name":"wp","href":"https:\/\/api.w.org\/{rel}","templated":true}]}}