{"id":1225,"date":"2009-09-18T19:47:03","date_gmt":"2009-09-19T00:47:03","guid":{"rendered":"http:\/\/www.manodepapel.com\/blog\/?p=1225"},"modified":"2013-03-28T16:26:09","modified_gmt":"2013-03-28T21:26:09","slug":"337","status":"publish","type":"post","link":"https:\/\/www.manodepapel.com\/blog\/?p=1225","title":{"rendered":"337."},"content":{"rendered":"<p><img loading=\"lazy\" decoding=\"async\" src=\"http:\/\/www.manodepapel.com\/blog\/wp-content\/uploads\/2009\/09\/b-337rana.jpg\" alt=\"Casa San Agustin Oaxaca\" title=\"Casa San Agustin Oaxaca\" width=\"400\" height=\"321\" class=\"alignnone size-full wp-image-1226\" srcset=\"https:\/\/www.manodepapel.com\/blog\/wp-content\/uploads\/2009\/09\/b-337rana.jpg 400w, https:\/\/www.manodepapel.com\/blog\/wp-content\/uploads\/2009\/09\/b-337rana-300x240.jpg 300w\" sizes=\"auto, (max-width: 400px) 100vw, 400px\" \/><\/p>\n<p><strong>Septiembre en el Casa<\/strong>. El programa semanal de actividades de <a href=\"http:\/\/www.casanagustin.org\/\">Casa San Agustin<\/a> en Oaxaca:<\/p>\n<p>4\u00ba semana: 21-27 septiembre<\/p>\n<p>TALLERES<br \/>\nPintura: Taller Cr\u00edtico de Producci\u00f3n de Pintura<br \/>\nImparte Francisco Castro Le\u00f1ero<br \/>\nDurante el taller, se realizar\u00e1n tres piezas por cada integrante que surgir\u00e1n como respuesta del di\u00e1logo entre el alumno y el maestro.<br \/>\nDel lunes 21 al s\u00e1bado 26 de septiembre | 10:00 a 14:00 horas<br \/>\nAula Te\u00f3rica | Taller Gratuito<br \/>\nConvocatoria cierra 11 de septiembre; consultar casanagustin.org<br \/>\nEste taller es posible gracias a la Fundaci\u00f3n Alfredo Harp Hel\u00fa de Oaxaca.<\/p>\n<p>Taller de Takuhon<br \/>\nImparte Akiko Miyashita<br \/>\nT\u00e9cnica milenaria iniciada en China, en el que se utiliza papel h\u00famedo y tinta china para copiar objetos planos, o tridimensionales.<br \/>\nDel lunes 21 al viernes 25 de septiembre | 10:00 a 13:00 horas<br \/>\nTaller de te\u00f1ido | Taller gratuito (los alumnos deber\u00e1n cubrir materiales)<br \/>\nConsultar convocatoria en casanagustin.org (cierra s\u00e1bado 5 de septiembre)<\/p>\n<p>CINE<br \/>\nCICLO MIRADAS AL CINE ACTUAL<br \/>\nDomingos | 16:00 horas<br \/>\nD\u00eda 27. Agente internacional (Dir. Tom Tykwer | USA | 2009)<\/p>\n<p>CICLO DEL DIRECTOR CHECO MILOS FORMAN<br \/>\nDomingos | 18:00 horas<br \/>\nD\u00eda 27. Goya y la inquisici\u00f3n (2006)<\/p>\n<p><em>Mr. Mano de Papel<\/em><\/p>\n","protected":false},"excerpt":{"rendered":"<p>Septiembre en el Casa. El programa semanal de actividades de Casa San&#8230;<\/p>\n<p><a href=\"https:\/\/www.manodepapel.com\/blog\/?p=1225\" class=\"more\">Seguir leyendo<\/a><\/p>\n","protected":false},"author":1,"featured_media":7546,"comment_status":"open","ping_status":"open","sticky":false,"template":"","format":"standard","meta":{"footnotes":""},"categories":[3],"tags":[392,352],"class_list":["post-1225","post","type-post","status-publish","format-standard","has-post-thumbnail","hentry","category-arte","tag-casa","tag-cultura"],"_links":{"self":[{"href":"https:\/\/www.manodepapel.com\/blog\/index.php?rest_route=\/wp\/v2\/posts\/1225","targetHints":{"allow":["GET"]}}],"collection":[{"href":"https:\/\/www.manodepapel.com\/blog\/index.php?rest_route=\/wp\/v2\/posts"}],"about":[{"href":"https:\/\/www.manodepapel.com\/blog\/index.php?rest_route=\/wp\/v2\/types\/post"}],"author":[{"embeddable":true,"href":"https:\/\/www.manodepapel.com\/blog\/index.php?rest_route=\/wp\/v2\/users\/1"}],"replies":[{"embeddable":true,"href":"https:\/\/www.manodepapel.com\/blog\/index.php?rest_route=%2Fwp%2Fv2%2Fcomments&post=1225"}],"version-history":[{"count":3,"href":"https:\/\/www.manodepapel.com\/blog\/index.php?rest_route=\/wp\/v2\/posts\/1225\/revisions"}],"predecessor-version":[{"id":7673,"href":"https:\/\/www.manodepapel.com\/blog\/index.php?rest_route=\/wp\/v2\/posts\/1225\/revisions\/7673"}],"wp:featuredmedia":[{"embeddable":true,"href":"https:\/\/www.manodepapel.com\/blog\/index.php?rest_route=\/wp\/v2\/media\/7546"}],"wp:attachment":[{"href":"https:\/\/www.manodepapel.com\/blog\/index.php?rest_route=%2Fwp%2Fv2%2Fmedia&parent=1225"}],"wp:term":[{"taxonomy":"category","embeddable":true,"href":"https:\/\/www.manodepapel.com\/blog\/index.php?rest_route=%2Fwp%2Fv2%2Fcategories&post=1225"},{"taxonomy":"post_tag","embeddable":true,"href":"https:\/\/www.manodepapel.com\/blog\/index.php?rest_route=%2Fwp%2Fv2%2Ftags&post=1225"}],"curies":[{"name":"wp","href":"https:\/\/api.w.org\/{rel}","templated":true}]}}