{"id":151,"date":"2008-03-31T13:05:11","date_gmt":"2008-03-31T18:05:11","guid":{"rendered":"http:\/\/www.manodepapel.com\/blog\/?p=151"},"modified":"2013-03-29T13:56:37","modified_gmt":"2013-03-29T18:56:37","slug":"cincuenta-y-tres","status":"publish","type":"post","link":"https:\/\/www.manodepapel.com\/blog\/?p=151","title":{"rendered":"53."},"content":{"rendered":"<p><img decoding=\"async\" src=\"http:\/\/www.manodepapel.com\/blog\/wp-content\/uploads\/2008\/03\/b-531.jpg\" alt=\"flagg\" \/><\/p>\n<p>Migraci\u00f3n y desplazamiento<\/p>\n<p><a href=\"http:\/\/colectivoaliados2.blogspot.com\/\">Colectivo Aliados<\/a> es un grupo que empez\u00f3 a trabajar con gr\u00e1fica en diversas tem\u00e1ticas sociales desde 2003, convocando a todo aquel que desee participar en sus proyectos mediante la creaci\u00f3n de im\u00e1genes para generar critica y debate. Posiblemente el paso que necesita dar el colectivo es encontrar los canales de masificaci\u00f3n de sus propuestas sea o no el internet, la hidra de mil cabezas. En lo personal prefiero la idea rom\u00e1ntica de las im\u00e1genes insertadas en la calle, pero todo esto depende de presupuestos, de legislaciones locales y de propio colectivo.Esta es mi imagen usando al famoso cartel de James Montgomerry Flagg como modelo est\u00e9tico, no hay mejor T\u00edo Sam que el creado por Flagg (no fui el \u00fanico que lo pens\u00f3, vean la <a href=\"http:\/\/www.flickr.com\/photos\/colectivoaliados\/sets\/72157604277694334\/\">galer\u00eda del Colectivo<\/a>).<br \/>\nConclusi\u00f3n: todos (creo que nacionales) abordamos a la migraci\u00f3n tomando nuestro ejemplo de vida, el viaje nuestro o de alg\u00fan familiar a los Estados Unidos, siendo una situaci\u00f3n global: hazaris desplazados, la posible inserci\u00f3n de Turqu\u00eda en la comunidad europea, migraciones pol\u00edticas de Venezuela y Cuba, separaci\u00f3n de comunidades rusas o el hecho mismo de que hay mas personas trabajando en las ciudades que en el campo. Nos falto visi\u00f3n.<\/p>\n<p><em>Mr. Mano de Papel<\/em><\/p>\n","protected":false},"excerpt":{"rendered":"<p>Migraci\u00f3n y desplazamiento Colectivo Aliados es un grupo que empez\u00f3 a trabajar&#8230;<\/p>\n<p><a href=\"https:\/\/www.manodepapel.com\/blog\/?p=151\" class=\"more\">Seguir leyendo<\/a><\/p>\n","protected":false},"author":1,"featured_media":8069,"comment_status":"open","ping_status":"open","sticky":false,"template":"","format":"standard","meta":{"footnotes":""},"categories":[7],"tags":[25,79,32],"class_list":["post-151","post","type-post","status-publish","format-standard","has-post-thumbnail","hentry","category-estudio","tag-cartel","tag-colectivo-aliados","tag-santiago-solis"],"_links":{"self":[{"href":"https:\/\/www.manodepapel.com\/blog\/index.php?rest_route=\/wp\/v2\/posts\/151","targetHints":{"allow":["GET"]}}],"collection":[{"href":"https:\/\/www.manodepapel.com\/blog\/index.php?rest_route=\/wp\/v2\/posts"}],"about":[{"href":"https:\/\/www.manodepapel.com\/blog\/index.php?rest_route=\/wp\/v2\/types\/post"}],"author":[{"embeddable":true,"href":"https:\/\/www.manodepapel.com\/blog\/index.php?rest_route=\/wp\/v2\/users\/1"}],"replies":[{"embeddable":true,"href":"https:\/\/www.manodepapel.com\/blog\/index.php?rest_route=%2Fwp%2Fv2%2Fcomments&post=151"}],"version-history":[{"count":3,"href":"https:\/\/www.manodepapel.com\/blog\/index.php?rest_route=\/wp\/v2\/posts\/151\/revisions"}],"predecessor-version":[{"id":8264,"href":"https:\/\/www.manodepapel.com\/blog\/index.php?rest_route=\/wp\/v2\/posts\/151\/revisions\/8264"}],"wp:featuredmedia":[{"embeddable":true,"href":"https:\/\/www.manodepapel.com\/blog\/index.php?rest_route=\/wp\/v2\/media\/8069"}],"wp:attachment":[{"href":"https:\/\/www.manodepapel.com\/blog\/index.php?rest_route=%2Fwp%2Fv2%2Fmedia&parent=151"}],"wp:term":[{"taxonomy":"category","embeddable":true,"href":"https:\/\/www.manodepapel.com\/blog\/index.php?rest_route=%2Fwp%2Fv2%2Fcategories&post=151"},{"taxonomy":"post_tag","embeddable":true,"href":"https:\/\/www.manodepapel.com\/blog\/index.php?rest_route=%2Fwp%2Fv2%2Ftags&post=151"}],"curies":[{"name":"wp","href":"https:\/\/api.w.org\/{rel}","templated":true}]}}