{"id":182,"date":"2008-05-01T14:13:42","date_gmt":"2008-05-01T19:13:42","guid":{"rendered":"http:\/\/www.manodepapel.com\/blog\/?p=182"},"modified":"2013-03-29T13:51:40","modified_gmt":"2013-03-29T18:51:40","slug":"sesenta-y-seis","status":"publish","type":"post","link":"https:\/\/www.manodepapel.com\/blog\/?p=182","title":{"rendered":"66."},"content":{"rendered":"<p><img decoding=\"async\" src=\"http:\/\/www.manodepapel.com\/blog\/wp-content\/uploads\/2008\/05\/b-66.jpg\" alt=\"nacho\" \/><\/p>\n<p>Nacho L\u00f3pez<\/p>\n<p>Probablemente mi fot\u00f3grafo mexicano favorito (tal vez compitiendo con Enrique Metinides, buen mano a mano), Nacho L\u00f3pez encontr\u00f3 en la prensa impresa su lugar y su motivo: la fotograf\u00eda social. En la visita a la FEMACO me top\u00e9 con esta edici\u00f3n y no dude en adquirirla. M\u00e1s de 400 fotos que invitan al lector a observar los distintos periodos de L\u00f3pez: la foto indigenista, los fotoreportajes, la foto arquitect\u00f3nica, su etapa como acad\u00e9mico, en fin, un libro esperado y esperanzador de un artista de la lente que supo equilibrarse como bien menciona el texto entre la modernidad y la vanguardia.<br \/>\nEdici\u00f3n en pasta dura y pasta blanda, editado por el <a href=\"http:\/\/centrodelaimagen.conaculta.gob.mx\/\">Centro de la Imagen<\/a> y <a href=\"http:\/\/editorialrm.com\/\">Editorial RM<\/a>.<\/p>\n<p><em>Mr. Mano de Papel<\/em><\/p>\n","protected":false},"excerpt":{"rendered":"<p>Nacho L\u00f3pez Probablemente mi fot\u00f3grafo mexicano favorito (tal vez compitiendo con Enrique&#8230;<\/p>\n<p><a href=\"https:\/\/www.manodepapel.com\/blog\/?p=182\" class=\"more\">Seguir leyendo<\/a><\/p>\n","protected":false},"author":1,"featured_media":8082,"comment_status":"open","ping_status":"open","sticky":false,"template":"","format":"standard","meta":{"footnotes":""},"categories":[5],"tags":[21,93,92],"class_list":["post-182","post","type-post","status-publish","format-standard","has-post-thumbnail","hentry","category-fotografia","tag-fotografia-2","tag-luna-cornea","tag-nacho-lopez"],"_links":{"self":[{"href":"https:\/\/www.manodepapel.com\/blog\/index.php?rest_route=\/wp\/v2\/posts\/182","targetHints":{"allow":["GET"]}}],"collection":[{"href":"https:\/\/www.manodepapel.com\/blog\/index.php?rest_route=\/wp\/v2\/posts"}],"about":[{"href":"https:\/\/www.manodepapel.com\/blog\/index.php?rest_route=\/wp\/v2\/types\/post"}],"author":[{"embeddable":true,"href":"https:\/\/www.manodepapel.com\/blog\/index.php?rest_route=\/wp\/v2\/users\/1"}],"replies":[{"embeddable":true,"href":"https:\/\/www.manodepapel.com\/blog\/index.php?rest_route=%2Fwp%2Fv2%2Fcomments&post=182"}],"version-history":[{"count":2,"href":"https:\/\/www.manodepapel.com\/blog\/index.php?rest_route=\/wp\/v2\/posts\/182\/revisions"}],"predecessor-version":[{"id":8250,"href":"https:\/\/www.manodepapel.com\/blog\/index.php?rest_route=\/wp\/v2\/posts\/182\/revisions\/8250"}],"wp:featuredmedia":[{"embeddable":true,"href":"https:\/\/www.manodepapel.com\/blog\/index.php?rest_route=\/wp\/v2\/media\/8082"}],"wp:attachment":[{"href":"https:\/\/www.manodepapel.com\/blog\/index.php?rest_route=%2Fwp%2Fv2%2Fmedia&parent=182"}],"wp:term":[{"taxonomy":"category","embeddable":true,"href":"https:\/\/www.manodepapel.com\/blog\/index.php?rest_route=%2Fwp%2Fv2%2Fcategories&post=182"},{"taxonomy":"post_tag","embeddable":true,"href":"https:\/\/www.manodepapel.com\/blog\/index.php?rest_route=%2Fwp%2Fv2%2Ftags&post=182"}],"curies":[{"name":"wp","href":"https:\/\/api.w.org\/{rel}","templated":true}]}}