{"id":2619,"date":"2010-10-05T21:03:42","date_gmt":"2010-10-06T02:03:42","guid":{"rendered":"http:\/\/www.manodepapel.com\/blog\/?p=2619"},"modified":"2013-03-20T15:40:57","modified_gmt":"2013-03-20T20:40:57","slug":"512","status":"publish","type":"post","link":"https:\/\/www.manodepapel.com\/blog\/?p=2619","title":{"rendered":"512."},"content":{"rendered":"<p><a href=\"http:\/\/www.manodepapel.com\/blog\/wp-content\/uploads\/2010\/10\/b-512.jpg\"><img loading=\"lazy\" decoding=\"async\" src=\"http:\/\/www.manodepapel.com\/blog\/wp-content\/uploads\/2010\/10\/b-512.jpg\" alt=\"\" title=\"Artemio Rodr\u00edguez\" width=\"400\" height=\"391\" class=\"alignnone size-full wp-image-2623\" srcset=\"https:\/\/www.manodepapel.com\/blog\/wp-content\/uploads\/2010\/10\/b-512.jpg 400w, https:\/\/www.manodepapel.com\/blog\/wp-content\/uploads\/2010\/10\/b-512-300x293.jpg 300w\" sizes=\"auto, (max-width: 400px) 100vw, 400px\" \/><\/a><br \/>\nArtemio Rodr\u00edguez, <em>Loter\u00eda<\/em><\/p>\n<p><strong>Exposici\u00f3n.<\/strong> El pasado viernes asist\u00ed a un previo del artista y grabador <a href=\"http:\/\/lamanografica.com\/\">Artemio Rodr\u00edguez<\/a> en La Galera, teniendo como anfitriona a <a href=\"http:\/\/flavors.me\/selvah\">Selva Hern\u00e1ndez<\/a> y su equipo de colaboradores. Hab\u00eda visto im\u00e1genes de sus piezas y una que otra suelta, pero estar ante la presencia de una dedicada selecci\u00f3n lo cambia todo, porque la t\u00e9cnica de Rodr\u00edguez es asombrosa desde el m\u00e1s peque\u00f1o al m\u00e1s grande grabado. Recientemente inaugur\u00f3 <em>El triunfo de la muerte<\/em>, que estar\u00e1 en la <a href=\"http:\/\/www.galeriavelasco.bellasartes.gob.mx\">Galer\u00eda Jos\u00e9 Mar\u00eda Velasco<\/a> del 3 de octubre al 14 de noviembre de 2010. Lugar: Peralvillo 55, Colonia Morelos, ciudad de M\u00e9xico.<br \/>\nVale mucho la pena verlos en vivo. Aunado a la coincidencias, Artemio y Silvia Capistr\u00e1n est\u00e1n en contacto con mis amigos Monocromatosos. La regla del 6.<\/p>\n<p><em>Mr. Mano de Papel<\/em><\/p>\n","protected":false},"excerpt":{"rendered":"<p>Artemio Rodr\u00edguez, Loter\u00eda Exposici\u00f3n. El pasado viernes asist\u00ed a un previo del&#8230;<\/p>\n<p><a href=\"https:\/\/www.manodepapel.com\/blog\/?p=2619\" class=\"more\">Seguir leyendo<\/a><\/p>\n","protected":false},"author":1,"featured_media":7204,"comment_status":"open","ping_status":"open","sticky":false,"template":"","format":"standard","meta":{"footnotes":""},"categories":[3],"tags":[14,548,549,284],"class_list":["post-2619","post","type-post","status-publish","format-standard","has-post-thumbnail","hentry","category-arte","tag-arte-2","tag-artemio-rodriguez","tag-galeria-jose-maria-velasco","tag-grabado"],"_links":{"self":[{"href":"https:\/\/www.manodepapel.com\/blog\/index.php?rest_route=\/wp\/v2\/posts\/2619","targetHints":{"allow":["GET"]}}],"collection":[{"href":"https:\/\/www.manodepapel.com\/blog\/index.php?rest_route=\/wp\/v2\/posts"}],"about":[{"href":"https:\/\/www.manodepapel.com\/blog\/index.php?rest_route=\/wp\/v2\/types\/post"}],"author":[{"embeddable":true,"href":"https:\/\/www.manodepapel.com\/blog\/index.php?rest_route=\/wp\/v2\/users\/1"}],"replies":[{"embeddable":true,"href":"https:\/\/www.manodepapel.com\/blog\/index.php?rest_route=%2Fwp%2Fv2%2Fcomments&post=2619"}],"version-history":[{"count":4,"href":"https:\/\/www.manodepapel.com\/blog\/index.php?rest_route=\/wp\/v2\/posts\/2619\/revisions"}],"predecessor-version":[{"id":7279,"href":"https:\/\/www.manodepapel.com\/blog\/index.php?rest_route=\/wp\/v2\/posts\/2619\/revisions\/7279"}],"wp:featuredmedia":[{"embeddable":true,"href":"https:\/\/www.manodepapel.com\/blog\/index.php?rest_route=\/wp\/v2\/media\/7204"}],"wp:attachment":[{"href":"https:\/\/www.manodepapel.com\/blog\/index.php?rest_route=%2Fwp%2Fv2%2Fmedia&parent=2619"}],"wp:term":[{"taxonomy":"category","embeddable":true,"href":"https:\/\/www.manodepapel.com\/blog\/index.php?rest_route=%2Fwp%2Fv2%2Fcategories&post=2619"},{"taxonomy":"post_tag","embeddable":true,"href":"https:\/\/www.manodepapel.com\/blog\/index.php?rest_route=%2Fwp%2Fv2%2Ftags&post=2619"}],"curies":[{"name":"wp","href":"https:\/\/api.w.org\/{rel}","templated":true}]}}