{"id":3285,"date":"2011-05-17T00:52:38","date_gmt":"2011-05-17T05:52:38","guid":{"rendered":"http:\/\/www.manodepapel.com\/blog\/?p=3285"},"modified":"2013-03-18T01:12:49","modified_gmt":"2013-03-18T06:12:49","slug":"630","status":"publish","type":"post","link":"https:\/\/www.manodepapel.com\/blog\/?p=3285","title":{"rendered":"629."},"content":{"rendered":"<p><a href=\"http:\/\/www.manodepapel.com\/blog\/wp-content\/uploads\/2011\/05\/b-629.jpg\"><img loading=\"lazy\" decoding=\"async\" src=\"http:\/\/www.manodepapel.com\/blog\/wp-content\/uploads\/2011\/05\/b-629.jpg\" alt=\"\" title=\"Eneo #16\" width=\"400\" height=\"1295\" class=\"alignnone size-full wp-image-3286\" srcset=\"https:\/\/www.manodepapel.com\/blog\/wp-content\/uploads\/2011\/05\/b-629.jpg 400w, https:\/\/www.manodepapel.com\/blog\/wp-content\/uploads\/2011\/05\/b-629-316x1024.jpg 316w\" sizes=\"auto, (max-width: 400px) 100vw, 400px\" \/><\/a><\/p>\n<p>Ivan W., director\/editor creativo de la revista <a href=\"http:\/\/eneo.com.mx\/\">Eneo<\/a>, me invit\u00f3 a participar en su n\u00famero 16 cuyo tema es dise\u00f1o de peri\u00f3dicos, en primer t\u00e9rmino un mano a mano con Iv\u00e1n, en segundo una pieza de mi serie de boxeadores y en tercero un par de retratos, fotografiados por <a href=\"http:\/\/www.flickr.com\/photos\/kenia_narez\/\">Kenia N\u00e1rez<\/a>. Esto \u00faltimo me permiti\u00f3 ver como trabaja una fot\u00f3grafa profesional como Kenia, es un trabajo que requiere mucha disciplina y paciencia. Regresando al contenido de la revista, esta muy equilibrado con temas a fondo sobre prensa, desarrollo, estrategias y procesos del dise\u00f1o editorial aplicado en peri\u00f3dicos, secciones cortas, con degustaci\u00f3n fotogr\u00e1fica, ic\u00f3nica y tipogr\u00e1fica, un par escritas por el maestro <a href=\"http:\/\/www.typoster.blogspot.com\/\">Armando Pineda<\/a>, gran amigo y conocedor de las letras, interesantes textos de Eduardo Danilo, \u00d3scar Ya\u00f1ez&#8230; busquenlo con su voceador de confianza. Gracias a Iv\u00e1n por la invitaci\u00f3n, gracias a Kenia por el <em>shooting<\/em>.<\/p>\n<p><em>Mr. Mano de Papel<\/em><\/p>\n","protected":false},"excerpt":{"rendered":"<p>Ivan W., director\/editor creativo de la revista Eneo, me invit\u00f3 a participar&#8230;<\/p>\n<p><a href=\"https:\/\/www.manodepapel.com\/blog\/?p=3285\" class=\"more\">Seguir leyendo<\/a><\/p>\n","protected":false},"author":1,"featured_media":7018,"comment_status":"open","ping_status":"open","sticky":false,"template":"","format":"standard","meta":{"footnotes":""},"categories":[7],"tags":[182,647,646,9,32],"class_list":["post-3285","post","type-post","status-publish","format-standard","has-post-thumbnail","hentry","category-estudio","tag-eneo","tag-ivan-w","tag-kenia-narez","tag-mano-de-papel","tag-santiago-solis"],"_links":{"self":[{"href":"https:\/\/www.manodepapel.com\/blog\/index.php?rest_route=\/wp\/v2\/posts\/3285","targetHints":{"allow":["GET"]}}],"collection":[{"href":"https:\/\/www.manodepapel.com\/blog\/index.php?rest_route=\/wp\/v2\/posts"}],"about":[{"href":"https:\/\/www.manodepapel.com\/blog\/index.php?rest_route=\/wp\/v2\/types\/post"}],"author":[{"embeddable":true,"href":"https:\/\/www.manodepapel.com\/blog\/index.php?rest_route=\/wp\/v2\/users\/1"}],"replies":[{"embeddable":true,"href":"https:\/\/www.manodepapel.com\/blog\/index.php?rest_route=%2Fwp%2Fv2%2Fcomments&post=3285"}],"version-history":[{"count":7,"href":"https:\/\/www.manodepapel.com\/blog\/index.php?rest_route=\/wp\/v2\/posts\/3285\/revisions"}],"predecessor-version":[{"id":7039,"href":"https:\/\/www.manodepapel.com\/blog\/index.php?rest_route=\/wp\/v2\/posts\/3285\/revisions\/7039"}],"wp:featuredmedia":[{"embeddable":true,"href":"https:\/\/www.manodepapel.com\/blog\/index.php?rest_route=\/wp\/v2\/media\/7018"}],"wp:attachment":[{"href":"https:\/\/www.manodepapel.com\/blog\/index.php?rest_route=%2Fwp%2Fv2%2Fmedia&parent=3285"}],"wp:term":[{"taxonomy":"category","embeddable":true,"href":"https:\/\/www.manodepapel.com\/blog\/index.php?rest_route=%2Fwp%2Fv2%2Fcategories&post=3285"},{"taxonomy":"post_tag","embeddable":true,"href":"https:\/\/www.manodepapel.com\/blog\/index.php?rest_route=%2Fwp%2Fv2%2Ftags&post=3285"}],"curies":[{"name":"wp","href":"https:\/\/api.w.org\/{rel}","templated":true}]}}