{"id":3537,"date":"2011-09-28T18:11:23","date_gmt":"2011-09-28T23:11:23","guid":{"rendered":"http:\/\/www.manodepapel.com\/blog\/?p=3537"},"modified":"2013-03-17T12:28:19","modified_gmt":"2013-03-17T17:28:19","slug":"723","status":"publish","type":"post","link":"https:\/\/www.manodepapel.com\/blog\/?p=3537","title":{"rendered":"723."},"content":{"rendered":"<p><a href=\"http:\/\/www.manodepapel.com\/blog\/wp-content\/uploads\/2011\/09\/b-724Vertigodelosaires.jpg\"><img loading=\"lazy\" decoding=\"async\" src=\"http:\/\/www.manodepapel.com\/blog\/wp-content\/uploads\/2011\/09\/b-724Vertigodelosaires.jpg\" alt=\"\" title=\"Vertigo de los aires 2011\" width=\"400\" height=\"600\" class=\"alignnone size-full wp-image-3783\" srcset=\"https:\/\/www.manodepapel.com\/blog\/wp-content\/uploads\/2011\/09\/b-724Vertigodelosaires.jpg 400w, https:\/\/www.manodepapel.com\/blog\/wp-content\/uploads\/2011\/09\/b-724Vertigodelosaires-200x300.jpg 200w\" sizes=\"auto, (max-width: 400px) 100vw, 400px\" \/><\/a><\/p>\n<p>Nos encargaron el cartel de <em>V\u00e9rtigo de los aires 2011, Encuentro Iberoamericano de Poetas, 10 d\u00edas contra el silencio<\/em> y aprovechamos la ocasi\u00f3n para invitarlos a la inauguraci\u00f3n del mismo este pr\u00f3ximo 6 de octubre de 2011, a las 19:00 horas. Lugar: C\u00e1rcamo de Dolores sala exterior del Museo de Historia Natural y Cultura Ambiental, Avenida Neri Vela, segunda secci\u00f3n del Bosque de Chapultepec s\/n, tel. 551 563 04. La programaci\u00f3n completa <a href=\"http:\/\/www.vertigodelosaires.blogspot.com\">aqu\u00ed<\/a>.<br \/>\nGracias a Gabriela Astorga y a Benjam\u00edn Morales por la confianza.<\/p>\n<p><em>Mr. Mano de Papel<\/em><\/p>\n","protected":false},"excerpt":{"rendered":"<p>Nos encargaron el cartel de V\u00e9rtigo de los aires 2011, Encuentro Iberoamericano&#8230;<\/p>\n<p><a href=\"https:\/\/www.manodepapel.com\/blog\/?p=3537\" class=\"more\">Seguir leyendo<\/a><\/p>\n","protected":false},"author":1,"featured_media":6826,"comment_status":"open","ping_status":"open","sticky":false,"template":"","format":"standard","meta":{"footnotes":""},"categories":[7],"tags":[25,41,9,684],"class_list":["post-3537","post","type-post","status-publish","format-standard","has-post-thumbnail","hentry","category-estudio","tag-cartel","tag-ilustracion","tag-mano-de-papel","tag-vertigo-de-los-aires"],"_links":{"self":[{"href":"https:\/\/www.manodepapel.com\/blog\/index.php?rest_route=\/wp\/v2\/posts\/3537","targetHints":{"allow":["GET"]}}],"collection":[{"href":"https:\/\/www.manodepapel.com\/blog\/index.php?rest_route=\/wp\/v2\/posts"}],"about":[{"href":"https:\/\/www.manodepapel.com\/blog\/index.php?rest_route=\/wp\/v2\/types\/post"}],"author":[{"embeddable":true,"href":"https:\/\/www.manodepapel.com\/blog\/index.php?rest_route=\/wp\/v2\/users\/1"}],"replies":[{"embeddable":true,"href":"https:\/\/www.manodepapel.com\/blog\/index.php?rest_route=%2Fwp%2Fv2%2Fcomments&post=3537"}],"version-history":[{"count":4,"href":"https:\/\/www.manodepapel.com\/blog\/index.php?rest_route=\/wp\/v2\/posts\/3537\/revisions"}],"predecessor-version":[{"id":6859,"href":"https:\/\/www.manodepapel.com\/blog\/index.php?rest_route=\/wp\/v2\/posts\/3537\/revisions\/6859"}],"wp:featuredmedia":[{"embeddable":true,"href":"https:\/\/www.manodepapel.com\/blog\/index.php?rest_route=\/wp\/v2\/media\/6826"}],"wp:attachment":[{"href":"https:\/\/www.manodepapel.com\/blog\/index.php?rest_route=%2Fwp%2Fv2%2Fmedia&parent=3537"}],"wp:term":[{"taxonomy":"category","embeddable":true,"href":"https:\/\/www.manodepapel.com\/blog\/index.php?rest_route=%2Fwp%2Fv2%2Fcategories&post=3537"},{"taxonomy":"post_tag","embeddable":true,"href":"https:\/\/www.manodepapel.com\/blog\/index.php?rest_route=%2Fwp%2Fv2%2Ftags&post=3537"}],"curies":[{"name":"wp","href":"https:\/\/api.w.org\/{rel}","templated":true}]}}