{"id":3699,"date":"2011-08-28T16:31:25","date_gmt":"2011-08-28T21:31:25","guid":{"rendered":"http:\/\/www.manodepapel.com\/blog\/?p=3699"},"modified":"2013-03-17T12:34:40","modified_gmt":"2013-03-17T17:34:40","slug":"704","status":"publish","type":"post","link":"https:\/\/www.manodepapel.com\/blog\/?p=3699","title":{"rendered":"704."},"content":{"rendered":"<p><a href=\"http:\/\/www.manodepapel.com\/blog\/wp-content\/uploads\/2011\/08\/b-704digital.jpg\"><img loading=\"lazy\" decoding=\"async\" src=\"http:\/\/www.manodepapel.com\/blog\/wp-content\/uploads\/2011\/08\/b-704digital.jpg\" alt=\"\" title=\"Libro digital\" width=\"400\" height=\"531\" class=\"alignnone size-full wp-image-3701\" srcset=\"https:\/\/www.manodepapel.com\/blog\/wp-content\/uploads\/2011\/08\/b-704digital.jpg 400w, https:\/\/www.manodepapel.com\/blog\/wp-content\/uploads\/2011\/08\/b-704digital-225x300.jpg 225w\" sizes=\"auto, (max-width: 400px) 100vw, 400px\" \/><\/a><\/p>\n<p>Del 19 al 21 de septiembre de 2011 <a href=\"http:\/\/www.conaculta.gob.mx\/\">Conaculta<\/a> invita al <a href=\"http:\/\/www.conaculta.gob.mx\/libroelectronico\/\">Primer Simposio Internacional del Libro Electr\u00f3nico<\/a>: &#8220;Los cambios en el mundo del libro y la lectura se han acelerado. Las nuevas tecnolog\u00edas han transformado las actividades de los agentes de toda la cadena del libro: escritores, editores, impresores, distribuidores, libreros, lectores, especialistas en derechos de autor y bibliotecarios. En este contexto, para analizar estos cambios, el Consejo Nacional para la Cultura y las Artes ha convocado a un grupo de expertos al Primer Simposio Internacional del Libro Electr\u00f3nico. Ante el rumor de la muerte del libro tradiconal decretada hace a\u00f1os, es un buen momento de predecir la estocada final. La cita es en el Museo Nacional de Antropolog\u00eda, Paseo de la Reforma y calzada Gandhi s\/n, Colonia Chapultepec Polanco, ciudad de M\u00e9xico.<\/p>\n<p><em>Mr. Mano de Papel<\/em><\/p>\n","protected":false},"excerpt":{"rendered":"<p>Del 19 al 21 de septiembre de 2011 Conaculta invita al Primer&#8230;<\/p>\n<p><a href=\"https:\/\/www.manodepapel.com\/blog\/?p=3699\" class=\"more\">Seguir leyendo<\/a><\/p>\n","protected":false},"author":1,"featured_media":6807,"comment_status":"open","ping_status":"open","sticky":false,"template":"","format":"standard","meta":{"footnotes":""},"categories":[1],"tags":[543,285,708],"class_list":["post-3699","post","type-post","status-publish","format-standard","has-post-thumbnail","hentry","category-diseno","tag-conaculta","tag-libro","tag-simposio-internacional-del-libro-electronico"],"_links":{"self":[{"href":"https:\/\/www.manodepapel.com\/blog\/index.php?rest_route=\/wp\/v2\/posts\/3699","targetHints":{"allow":["GET"]}}],"collection":[{"href":"https:\/\/www.manodepapel.com\/blog\/index.php?rest_route=\/wp\/v2\/posts"}],"about":[{"href":"https:\/\/www.manodepapel.com\/blog\/index.php?rest_route=\/wp\/v2\/types\/post"}],"author":[{"embeddable":true,"href":"https:\/\/www.manodepapel.com\/blog\/index.php?rest_route=\/wp\/v2\/users\/1"}],"replies":[{"embeddable":true,"href":"https:\/\/www.manodepapel.com\/blog\/index.php?rest_route=%2Fwp%2Fv2%2Fcomments&post=3699"}],"version-history":[{"count":3,"href":"https:\/\/www.manodepapel.com\/blog\/index.php?rest_route=\/wp\/v2\/posts\/3699\/revisions"}],"predecessor-version":[{"id":6879,"href":"https:\/\/www.manodepapel.com\/blog\/index.php?rest_route=\/wp\/v2\/posts\/3699\/revisions\/6879"}],"wp:featuredmedia":[{"embeddable":true,"href":"https:\/\/www.manodepapel.com\/blog\/index.php?rest_route=\/wp\/v2\/media\/6807"}],"wp:attachment":[{"href":"https:\/\/www.manodepapel.com\/blog\/index.php?rest_route=%2Fwp%2Fv2%2Fmedia&parent=3699"}],"wp:term":[{"taxonomy":"category","embeddable":true,"href":"https:\/\/www.manodepapel.com\/blog\/index.php?rest_route=%2Fwp%2Fv2%2Fcategories&post=3699"},{"taxonomy":"post_tag","embeddable":true,"href":"https:\/\/www.manodepapel.com\/blog\/index.php?rest_route=%2Fwp%2Fv2%2Ftags&post=3699"}],"curies":[{"name":"wp","href":"https:\/\/api.w.org\/{rel}","templated":true}]}}