{"id":4358,"date":"2012-02-13T20:36:35","date_gmt":"2012-02-14T01:36:35","guid":{"rendered":"http:\/\/www.manodepapel.com\/blog\/?p=4358"},"modified":"2013-03-12T21:59:34","modified_gmt":"2013-03-13T02:59:34","slug":"811-2","status":"publish","type":"post","link":"https:\/\/www.manodepapel.com\/blog\/?p=4358","title":{"rendered":"812."},"content":{"rendered":"<p><a href=\"http:\/\/www.manodepapel.com\/blog\/wp-content\/uploads\/2012\/02\/b-800cinemex1.jpg\"><img loading=\"lazy\" decoding=\"async\" src=\"http:\/\/www.manodepapel.com\/blog\/wp-content\/uploads\/2012\/02\/b-800cinemex1.jpg\" alt=\"\" title=\"Cine mexicano\" width=\"400\" height=\"526\" class=\"alignnone size-full wp-image-4361\" srcset=\"https:\/\/www.manodepapel.com\/blog\/wp-content\/uploads\/2012\/02\/b-800cinemex1.jpg 400w, https:\/\/www.manodepapel.com\/blog\/wp-content\/uploads\/2012\/02\/b-800cinemex1-228x300.jpg 228w\" sizes=\"auto, (max-width: 400px) 100vw, 400px\" \/><\/a><\/p>\n<p><a href=\"http:\/\/www.manodepapel.com\/blog\/wp-content\/uploads\/2012\/02\/b-800cinemex.jpg\"><img loading=\"lazy\" decoding=\"async\" src=\"http:\/\/www.manodepapel.com\/blog\/wp-content\/uploads\/2012\/02\/b-800cinemex.jpg\" alt=\"\" title=\"Cine mexicano\" width=\"400\" height=\"541\" class=\"alignnone size-full wp-image-4360\" srcset=\"https:\/\/www.manodepapel.com\/blog\/wp-content\/uploads\/2012\/02\/b-800cinemex.jpg 400w, https:\/\/www.manodepapel.com\/blog\/wp-content\/uploads\/2012\/02\/b-800cinemex-221x300.jpg 221w\" sizes=\"auto, (max-width: 400px) 100vw, 400px\" \/><\/a><\/p>\n<p><strong>Expo-venta.<\/strong> La <a href=\"http:\/\/bienalcartel.org.mx\">Bienal Internacional del Cartel en M\u00e9xico<\/a> en su Galer\u00eda W\u00edktor G\u00f2rka, invita a la expo-venta \u201cSangre, humor y l\u00e1grimas\u201d, carteles ilustrados del cine m\u00e9xicano (1971-1990). Inauguraci\u00f3n viernes 16 de febrero a las 19.30 horas, hasta el s\u00e1bado 10 de marzo 2012. Lugar: Galer\u00eda Wiktor Gorka, Fernando de Jes\u00fas Corona 19, a media cuadra del Parque los Berros, Xalapa, Veracruz. Mayores informes en galeria.wiktor.gorka@gmail.com<\/p>\n<p><em>Mr. Mano de Papel<\/em><\/p>\n","protected":false},"excerpt":{"rendered":"<p>Expo-venta. La Bienal Internacional del Cartel en M\u00e9xico en su Galer\u00eda W\u00edktor&#8230;<\/p>\n<p><a href=\"https:\/\/www.manodepapel.com\/blog\/?p=4358\" class=\"more\">Seguir leyendo<\/a><\/p>\n","protected":false},"author":1,"featured_media":6575,"comment_status":"open","ping_status":"open","sticky":false,"template":"","format":"standard","meta":{"footnotes":""},"categories":[1],"tags":[25,139],"class_list":["post-4358","post","type-post","status-publish","format-standard","has-post-thumbnail","hentry","category-diseno","tag-cartel","tag-diseno-2"],"_links":{"self":[{"href":"https:\/\/www.manodepapel.com\/blog\/index.php?rest_route=\/wp\/v2\/posts\/4358","targetHints":{"allow":["GET"]}}],"collection":[{"href":"https:\/\/www.manodepapel.com\/blog\/index.php?rest_route=\/wp\/v2\/posts"}],"about":[{"href":"https:\/\/www.manodepapel.com\/blog\/index.php?rest_route=\/wp\/v2\/types\/post"}],"author":[{"embeddable":true,"href":"https:\/\/www.manodepapel.com\/blog\/index.php?rest_route=\/wp\/v2\/users\/1"}],"replies":[{"embeddable":true,"href":"https:\/\/www.manodepapel.com\/blog\/index.php?rest_route=%2Fwp%2Fv2%2Fcomments&post=4358"}],"version-history":[{"count":7,"href":"https:\/\/www.manodepapel.com\/blog\/index.php?rest_route=\/wp\/v2\/posts\/4358\/revisions"}],"predecessor-version":[{"id":6610,"href":"https:\/\/www.manodepapel.com\/blog\/index.php?rest_route=\/wp\/v2\/posts\/4358\/revisions\/6610"}],"wp:featuredmedia":[{"embeddable":true,"href":"https:\/\/www.manodepapel.com\/blog\/index.php?rest_route=\/wp\/v2\/media\/6575"}],"wp:attachment":[{"href":"https:\/\/www.manodepapel.com\/blog\/index.php?rest_route=%2Fwp%2Fv2%2Fmedia&parent=4358"}],"wp:term":[{"taxonomy":"category","embeddable":true,"href":"https:\/\/www.manodepapel.com\/blog\/index.php?rest_route=%2Fwp%2Fv2%2Fcategories&post=4358"},{"taxonomy":"post_tag","embeddable":true,"href":"https:\/\/www.manodepapel.com\/blog\/index.php?rest_route=%2Fwp%2Fv2%2Ftags&post=4358"}],"curies":[{"name":"wp","href":"https:\/\/api.w.org\/{rel}","templated":true}]}}