{"id":4723,"date":"2012-04-04T14:28:33","date_gmt":"2012-04-04T19:28:33","guid":{"rendered":"http:\/\/www.manodepapel.com\/blog\/?p=4723"},"modified":"2013-03-08T17:12:32","modified_gmt":"2013-03-08T22:12:32","slug":"861","status":"publish","type":"post","link":"https:\/\/www.manodepapel.com\/blog\/?p=4723","title":{"rendered":"861."},"content":{"rendered":"<p><a href=\"http:\/\/www.manodepapel.com\/blog\/wp-content\/uploads\/2012\/04\/jennyabud.jpg\"><img loading=\"lazy\" decoding=\"async\" src=\"http:\/\/www.manodepapel.com\/blog\/wp-content\/uploads\/2012\/04\/jennyabud.jpg\" alt=\"\" title=\"Jenny Abud\" width=\"400\" height=\"472\" class=\"alignnone size-full wp-image-4725\" srcset=\"https:\/\/www.manodepapel.com\/blog\/wp-content\/uploads\/2012\/04\/jennyabud.jpg 400w, https:\/\/www.manodepapel.com\/blog\/wp-content\/uploads\/2012\/04\/jennyabud-254x300.jpg 254w\" sizes=\"auto, (max-width: 400px) 100vw, 400px\" \/><\/a><\/p>\n<p><strong>Taller.<\/strong> Desde Chile, Jenny Abud dise\u00f1adora y directora de arte en <a href=\"http:\/\/www.ocholibros.cl\">Ocho Libros Editores<\/a>, nos invita a su Taller de libro Ilustrado, iniciando el 25 de abril de 2012 con duraci\u00f3n de 2 meses. Los objetivos a tratar: &#8220;Conocer las partes, procesos y contenidos un libro ilustrado. Desde un texto hasta la impresi\u00f3n final. Conocer el mercado del libro ilustrado en Chile; c\u00f3mo funciona, qui\u00e9nes participan, hacia d\u00f3nde se dirige y como ingresar a este mercado. Producir un libro ilustrado a partir de cualquier idea o texto como base&#8221;. Cupo m\u00e1ximo: 12 personas. Lugar: <a href=\"http:\/\/www.laboratoriodearte.cl\">Laboratorio de Arte Juanita Canela<\/a>, Monse\u00f1or Escriv\u00e1 de Balaguer 6307, Vitacura,<br \/>\nSantiago, Chile. M\u00e1s informaci\u00f3n <a href=\"http:\/\/www.laboratoriodearte.cl\/?p=1\">aqu\u00ed<\/a>. Gran saludo afectuoso a los amigos chilenos.<\/p>\n<p><em>Mr. Mano de Papel<\/em><\/p>\n","protected":false},"excerpt":{"rendered":"<p>Taller. Desde Chile, Jenny Abud dise\u00f1adora y directora de arte en Ocho&#8230;<\/p>\n<p><a href=\"https:\/\/www.manodepapel.com\/blog\/?p=4723\" class=\"more\">Seguir leyendo<\/a><\/p>\n","protected":false},"author":1,"featured_media":6309,"comment_status":"open","ping_status":"open","sticky":false,"template":"","format":"standard","meta":{"footnotes":""},"categories":[1],"tags":[139,41,853,854,837],"class_list":["post-4723","post","type-post","status-publish","format-standard","has-post-thumbnail","hentry","category-diseno","tag-diseno-2","tag-ilustracion","tag-jenny-abud","tag-laboratorio-de-arte-juanita-canela","tag-libro-album"],"_links":{"self":[{"href":"https:\/\/www.manodepapel.com\/blog\/index.php?rest_route=\/wp\/v2\/posts\/4723","targetHints":{"allow":["GET"]}}],"collection":[{"href":"https:\/\/www.manodepapel.com\/blog\/index.php?rest_route=\/wp\/v2\/posts"}],"about":[{"href":"https:\/\/www.manodepapel.com\/blog\/index.php?rest_route=\/wp\/v2\/types\/post"}],"author":[{"embeddable":true,"href":"https:\/\/www.manodepapel.com\/blog\/index.php?rest_route=\/wp\/v2\/users\/1"}],"replies":[{"embeddable":true,"href":"https:\/\/www.manodepapel.com\/blog\/index.php?rest_route=%2Fwp%2Fv2%2Fcomments&post=4723"}],"version-history":[{"count":3,"href":"https:\/\/www.manodepapel.com\/blog\/index.php?rest_route=\/wp\/v2\/posts\/4723\/revisions"}],"predecessor-version":[{"id":6487,"href":"https:\/\/www.manodepapel.com\/blog\/index.php?rest_route=\/wp\/v2\/posts\/4723\/revisions\/6487"}],"wp:featuredmedia":[{"embeddable":true,"href":"https:\/\/www.manodepapel.com\/blog\/index.php?rest_route=\/wp\/v2\/media\/6309"}],"wp:attachment":[{"href":"https:\/\/www.manodepapel.com\/blog\/index.php?rest_route=%2Fwp%2Fv2%2Fmedia&parent=4723"}],"wp:term":[{"taxonomy":"category","embeddable":true,"href":"https:\/\/www.manodepapel.com\/blog\/index.php?rest_route=%2Fwp%2Fv2%2Fcategories&post=4723"},{"taxonomy":"post_tag","embeddable":true,"href":"https:\/\/www.manodepapel.com\/blog\/index.php?rest_route=%2Fwp%2Fv2%2Ftags&post=4723"}],"curies":[{"name":"wp","href":"https:\/\/api.w.org\/{rel}","templated":true}]}}