{"id":4818,"date":"2012-04-18T23:06:22","date_gmt":"2012-04-19T04:06:22","guid":{"rendered":"http:\/\/www.manodepapel.com\/blog\/?p=4818"},"modified":"2013-03-08T17:05:29","modified_gmt":"2013-03-08T22:05:29","slug":"875","status":"publish","type":"post","link":"https:\/\/www.manodepapel.com\/blog\/?p=4818","title":{"rendered":"875."},"content":{"rendered":"<p><a href=\"http:\/\/www.manodepapel.com\/blog\/wp-content\/uploads\/2012\/04\/rosal.jpg\"><img loading=\"lazy\" decoding=\"async\" src=\"http:\/\/www.manodepapel.com\/blog\/wp-content\/uploads\/2012\/04\/rosal.jpg\" alt=\"\" title=\"Rosales\" width=\"400\" height=\"566\" class=\"alignnone size-full wp-image-4820\" srcset=\"https:\/\/www.manodepapel.com\/blog\/wp-content\/uploads\/2012\/04\/rosal.jpg 400w, https:\/\/www.manodepapel.com\/blog\/wp-content\/uploads\/2012\/04\/rosal-212x300.jpg 212w\" sizes=\"auto, (max-width: 400px) 100vw, 400px\" \/><\/a><\/p>\n<p><strong>Fiesta.<\/strong> Del Libro y la Rosa: &#8220;celebrando el D\u00eda Internacional del Libro y del Derecho de Autor, siguiendo el ejemplo de Catalu\u00f1a y su enorme celebraci\u00f3n callejera en honor de su patr\u00f3n, San Jorge, durante la cual se regalan libros y rosas de manera l\u00fadica y multitudinaria&#8221;. As\u00ed convoca la Coordinaci\u00f3n de Difusi\u00f3n Cultural de la UNAM. M\u00fasica, danza, teatro, cine, firmas de autores, conferencias, cuenta cuentos, liberaci\u00f3n de libros, ofertas, trueques, subastas, entrevistas, 43 editoriales presentes por dos d\u00edas en diversas cedes. El 22 de abril de 2012, de 10:00 a 19:00 horas en el Centro Cultural Universitario, Casa del Lago, Museo Universitario del Chopo, Centro Cultural Universitario Tlatelolco y el Palacio de Miner\u00eda. El 23 de abril de 2012, de 09:30 a 23:00 horas en el Centro Cultural Universitario, FES Acatl\u00e1n, FES Cuautitl\u00e1n y el Palacio de Miner\u00eda. Consulte cartelera <a href=\"http:\/\/www.cultura.unam.mx\/fiesta2012\/\">aqu\u00ed<\/a>.<\/p>\n<p><em>Mr. Mano de Papel<\/em><\/p>\n","protected":false},"excerpt":{"rendered":"<p>Fiesta. Del Libro y la Rosa: &#8220;celebrando el D\u00eda Internacional del Libro&#8230;<\/p>\n<p><a href=\"https:\/\/www.manodepapel.com\/blog\/?p=4818\" class=\"more\">Seguir leyendo<\/a><\/p>\n","protected":false},"author":1,"featured_media":6323,"comment_status":"open","ping_status":"open","sticky":false,"template":"","format":"standard","meta":{"footnotes":""},"categories":[1],"tags":[249,796],"class_list":["post-4818","post","type-post","status-publish","format-standard","has-post-thumbnail","hentry","category-diseno","tag-libros","tag-unam"],"_links":{"self":[{"href":"https:\/\/www.manodepapel.com\/blog\/index.php?rest_route=\/wp\/v2\/posts\/4818","targetHints":{"allow":["GET"]}}],"collection":[{"href":"https:\/\/www.manodepapel.com\/blog\/index.php?rest_route=\/wp\/v2\/posts"}],"about":[{"href":"https:\/\/www.manodepapel.com\/blog\/index.php?rest_route=\/wp\/v2\/types\/post"}],"author":[{"embeddable":true,"href":"https:\/\/www.manodepapel.com\/blog\/index.php?rest_route=\/wp\/v2\/users\/1"}],"replies":[{"embeddable":true,"href":"https:\/\/www.manodepapel.com\/blog\/index.php?rest_route=%2Fwp%2Fv2%2Fcomments&post=4818"}],"version-history":[{"count":4,"href":"https:\/\/www.manodepapel.com\/blog\/index.php?rest_route=\/wp\/v2\/posts\/4818\/revisions"}],"predecessor-version":[{"id":6473,"href":"https:\/\/www.manodepapel.com\/blog\/index.php?rest_route=\/wp\/v2\/posts\/4818\/revisions\/6473"}],"wp:featuredmedia":[{"embeddable":true,"href":"https:\/\/www.manodepapel.com\/blog\/index.php?rest_route=\/wp\/v2\/media\/6323"}],"wp:attachment":[{"href":"https:\/\/www.manodepapel.com\/blog\/index.php?rest_route=%2Fwp%2Fv2%2Fmedia&parent=4818"}],"wp:term":[{"taxonomy":"category","embeddable":true,"href":"https:\/\/www.manodepapel.com\/blog\/index.php?rest_route=%2Fwp%2Fv2%2Fcategories&post=4818"},{"taxonomy":"post_tag","embeddable":true,"href":"https:\/\/www.manodepapel.com\/blog\/index.php?rest_route=%2Fwp%2Fv2%2Ftags&post=4818"}],"curies":[{"name":"wp","href":"https:\/\/api.w.org\/{rel}","templated":true}]}}