{"id":4823,"date":"2012-05-02T19:08:54","date_gmt":"2012-05-03T00:08:54","guid":{"rendered":"http:\/\/www.manodepapel.com\/blog\/?p=4823"},"modified":"2013-03-08T17:04:14","modified_gmt":"2013-03-08T22:04:14","slug":"879","status":"publish","type":"post","link":"https:\/\/www.manodepapel.com\/blog\/?p=4823","title":{"rendered":"879."},"content":{"rendered":"<p><a href=\"http:\/\/www.manodepapel.com\/blog\/wp-content\/uploads\/2012\/04\/vicenterojo.gif\"><img loading=\"lazy\" decoding=\"async\" src=\"http:\/\/www.manodepapel.com\/blog\/wp-content\/uploads\/2012\/04\/vicenterojo.gif\" alt=\"\" title=\"80 Vicente Rojo\" width=\"400\" height=\"606\" class=\"alignnone size-full wp-image-4826\" srcset=\"https:\/\/www.manodepapel.com\/blog\/wp-content\/uploads\/2012\/04\/vicenterojo.gif 400w, https:\/\/www.manodepapel.com\/blog\/wp-content\/uploads\/2012\/04\/vicenterojo-198x300.gif 198w\" sizes=\"auto, (max-width: 400px) 100vw, 400px\" \/><\/a><\/p>\n<p><a href=\"http:\/\/www.manodepapel.com\/blog\/wp-content\/uploads\/2012\/04\/vicente-rojo.jpg\"><img loading=\"lazy\" decoding=\"async\" src=\"http:\/\/www.manodepapel.com\/blog\/wp-content\/uploads\/2012\/04\/vicente-rojo.jpg\" alt=\"\" title=\"Vicente Rojo\" width=\"400\" height=\"457\" class=\"alignnone size-full wp-image-4827\" srcset=\"https:\/\/www.manodepapel.com\/blog\/wp-content\/uploads\/2012\/04\/vicente-rojo.jpg 400w, https:\/\/www.manodepapel.com\/blog\/wp-content\/uploads\/2012\/04\/vicente-rojo-262x300.jpg 262w\" sizes=\"auto, (max-width: 400px) 100vw, 400px\" \/><\/a><\/p>\n<p><strong>Exposici\u00f3n<\/strong> De carteles dise\u00f1ados en homenaje a los 80 a\u00f1os del maestro Vicente Rojo, figura indispensable en el desarrollo del dise\u00f1o nacional. La muestra consta de m\u00e1s de 140 obras elaboradas por estudiantes, maestros y amigos del artista, adem\u00e1s de textos de personalidades como Juan Villoro, Luis Emilio Pacheco y Elena Poniatowska. Inauguraci\u00f3n: s\u00e1bado 12 de mayo de 2012, 12:00 horas. Lugar: <a href=\"http:\/\/www.tlatelolco.unam.mx\/\">Centro Cultural Universitario Tlatelolco<\/a>, Lobby Auditorio Alfonso Garc\u00eda Robles. Hasta el 10 de junio 2012. Entrada libre.<\/p>\n<p><em>Mr. Mano de Papel<\/em><\/p>\n","protected":false},"excerpt":{"rendered":"<p>Exposici\u00f3n De carteles dise\u00f1ados en homenaje a los 80 a\u00f1os del maestro&#8230;<\/p>\n<p><a href=\"https:\/\/www.manodepapel.com\/blog\/?p=4823\" class=\"more\">Seguir leyendo<\/a><\/p>\n","protected":false},"author":1,"featured_media":6327,"comment_status":"open","ping_status":"open","sticky":false,"template":"","format":"standard","meta":{"footnotes":""},"categories":[1],"tags":[10,139,617],"class_list":["post-4823","post","type-post","status-publish","format-standard","has-post-thumbnail","hentry","category-diseno","tag-carteles","tag-diseno-2","tag-vicente-rojo"],"_links":{"self":[{"href":"https:\/\/www.manodepapel.com\/blog\/index.php?rest_route=\/wp\/v2\/posts\/4823","targetHints":{"allow":["GET"]}}],"collection":[{"href":"https:\/\/www.manodepapel.com\/blog\/index.php?rest_route=\/wp\/v2\/posts"}],"about":[{"href":"https:\/\/www.manodepapel.com\/blog\/index.php?rest_route=\/wp\/v2\/types\/post"}],"author":[{"embeddable":true,"href":"https:\/\/www.manodepapel.com\/blog\/index.php?rest_route=\/wp\/v2\/users\/1"}],"replies":[{"embeddable":true,"href":"https:\/\/www.manodepapel.com\/blog\/index.php?rest_route=%2Fwp%2Fv2%2Fcomments&post=4823"}],"version-history":[{"count":7,"href":"https:\/\/www.manodepapel.com\/blog\/index.php?rest_route=\/wp\/v2\/posts\/4823\/revisions"}],"predecessor-version":[{"id":6469,"href":"https:\/\/www.manodepapel.com\/blog\/index.php?rest_route=\/wp\/v2\/posts\/4823\/revisions\/6469"}],"wp:featuredmedia":[{"embeddable":true,"href":"https:\/\/www.manodepapel.com\/blog\/index.php?rest_route=\/wp\/v2\/media\/6327"}],"wp:attachment":[{"href":"https:\/\/www.manodepapel.com\/blog\/index.php?rest_route=%2Fwp%2Fv2%2Fmedia&parent=4823"}],"wp:term":[{"taxonomy":"category","embeddable":true,"href":"https:\/\/www.manodepapel.com\/blog\/index.php?rest_route=%2Fwp%2Fv2%2Fcategories&post=4823"},{"taxonomy":"post_tag","embeddable":true,"href":"https:\/\/www.manodepapel.com\/blog\/index.php?rest_route=%2Fwp%2Fv2%2Ftags&post=4823"}],"curies":[{"name":"wp","href":"https:\/\/api.w.org\/{rel}","templated":true}]}}