{"id":4951,"date":"2012-05-20T14:27:56","date_gmt":"2012-05-20T19:27:56","guid":{"rendered":"http:\/\/www.manodepapel.com\/blog\/?p=4951"},"modified":"2013-03-08T16:57:07","modified_gmt":"2013-03-08T21:57:07","slug":"894","status":"publish","type":"post","link":"https:\/\/www.manodepapel.com\/blog\/?p=4951","title":{"rendered":"894."},"content":{"rendered":"<p><a href=\"http:\/\/www.manodepapel.com\/blog\/wp-content\/uploads\/2012\/05\/bid12.jpg\"><img loading=\"lazy\" decoding=\"async\" src=\"http:\/\/www.manodepapel.com\/blog\/wp-content\/uploads\/2012\/05\/bid12.jpg\" alt=\"\" title=\"III Bienal Iberoamericana de Dise\u00f1o\" width=\"400\" height=\"682\" class=\"alignnone size-full wp-image-4952\" \/><\/a><\/p>\n<p><strong>Bienal.<\/strong> III <a href=\"http:\/\/www.bid-dimad.org\/bid12\/index.html\">Bienal Iberoamericana de Dise\u00f1o<\/a>: &#8220;una muestra de Dise\u00f1o Iberoamericano que se celebra cada dos a\u00f1os en Madrid, convocada y organizada por la Central de Dise\u00f1o y <a href=\"http:\/\/www.dimad.org\/\">Dimad<\/a>, y es una de las citas m\u00e1s importantes de promoci\u00f3n del dise\u00f1o contempor\u00e1neo que se realiza en Latinoam\u00e9rica, Espa\u00f1a y Portugal. Incluye una gran Exposici\u00f3n y una Zona de encuentro y pensamiento&#8221;. Incluye las especialidades de: Dise\u00f1o de espacios e interiorismo \/ Dise\u00f1o industrial &#8211; producto \/ Dise\u00f1o gr\u00e1fico \/ Dise\u00f1o digital \/ Dise\u00f1o de moda, textil y complementos. Participen, fecha l\u00edmite: 30 de junio de 2012. Bajen las bases de la convocatoria <a href=\"http:\/\/www.bid-dimad.org\/bid12\/documentacion\/BID12-bases-es.pdf\">aqu\u00ed<\/a>. Gracias a Pepo por el dato.<\/p>\n<p><em>Mr. Mano de Papel<\/em><\/p>\n","protected":false},"excerpt":{"rendered":"<p>Bienal. III Bienal Iberoamericana de Dise\u00f1o: &#8220;una muestra de Dise\u00f1o Iberoamericano que&#8230;<\/p>\n<p><a href=\"https:\/\/www.manodepapel.com\/blog\/?p=4951\" class=\"more\">Seguir leyendo<\/a><\/p>\n","protected":false},"author":1,"featured_media":6342,"comment_status":"open","ping_status":"open","sticky":false,"template":"","format":"standard","meta":{"footnotes":""},"categories":[1],"tags":[888,889,139],"class_list":["post-4951","post","type-post","status-publish","format-standard","has-post-thumbnail","hentry","category-diseno","tag-bienal-iberoamericana-de-diseno","tag-dimad","tag-diseno-2"],"_links":{"self":[{"href":"https:\/\/www.manodepapel.com\/blog\/index.php?rest_route=\/wp\/v2\/posts\/4951","targetHints":{"allow":["GET"]}}],"collection":[{"href":"https:\/\/www.manodepapel.com\/blog\/index.php?rest_route=\/wp\/v2\/posts"}],"about":[{"href":"https:\/\/www.manodepapel.com\/blog\/index.php?rest_route=\/wp\/v2\/types\/post"}],"author":[{"embeddable":true,"href":"https:\/\/www.manodepapel.com\/blog\/index.php?rest_route=\/wp\/v2\/users\/1"}],"replies":[{"embeddable":true,"href":"https:\/\/www.manodepapel.com\/blog\/index.php?rest_route=%2Fwp%2Fv2%2Fcomments&post=4951"}],"version-history":[{"count":5,"href":"https:\/\/www.manodepapel.com\/blog\/index.php?rest_route=\/wp\/v2\/posts\/4951\/revisions"}],"predecessor-version":[{"id":6453,"href":"https:\/\/www.manodepapel.com\/blog\/index.php?rest_route=\/wp\/v2\/posts\/4951\/revisions\/6453"}],"wp:featuredmedia":[{"embeddable":true,"href":"https:\/\/www.manodepapel.com\/blog\/index.php?rest_route=\/wp\/v2\/media\/6342"}],"wp:attachment":[{"href":"https:\/\/www.manodepapel.com\/blog\/index.php?rest_route=%2Fwp%2Fv2%2Fmedia&parent=4951"}],"wp:term":[{"taxonomy":"category","embeddable":true,"href":"https:\/\/www.manodepapel.com\/blog\/index.php?rest_route=%2Fwp%2Fv2%2Fcategories&post=4951"},{"taxonomy":"post_tag","embeddable":true,"href":"https:\/\/www.manodepapel.com\/blog\/index.php?rest_route=%2Fwp%2Fv2%2Ftags&post=4951"}],"curies":[{"name":"wp","href":"https:\/\/api.w.org\/{rel}","templated":true}]}}