{"id":5395,"date":"2012-09-15T19:31:41","date_gmt":"2012-09-16T00:31:41","guid":{"rendered":"http:\/\/www.manodepapel.com\/blog\/?p=5395"},"modified":"2013-03-06T21:32:19","modified_gmt":"2013-03-07T02:32:19","slug":"959","status":"publish","type":"post","link":"https:\/\/www.manodepapel.com\/blog\/?p=5395","title":{"rendered":"959."},"content":{"rendered":"<p><a href=\"http:\/\/www.manodepapel.com\/blog\/wp-content\/uploads\/2012\/09\/libroilustrado.png\"><img loading=\"lazy\" decoding=\"async\" src=\"http:\/\/www.manodepapel.com\/blog\/wp-content\/uploads\/2012\/09\/libroilustrado.png\" alt=\"\" title=\"Libro Ilustrado\" width=\"400\" height=\"253\" class=\"alignnone size-full wp-image-5396\" srcset=\"https:\/\/www.manodepapel.com\/blog\/wp-content\/uploads\/2012\/09\/libroilustrado.png 400w, https:\/\/www.manodepapel.com\/blog\/wp-content\/uploads\/2012\/09\/libroilustrado-300x189.png 300w\" sizes=\"auto, (max-width: 400px) 100vw, 400px\" \/><\/a><\/p>\n<p><strong>Taller.<\/strong> Desde Chile, del libro ilustrado, segunda edici\u00f3n. &#8220;El curso busca entregar un conocimiento \u00edntegro tanto del proceso creativo\/productivo del libro ilustrado, como de sus caracter\u00edsticas de comercializaci\u00f3n en el contexto local y el desarrollo de un proyecto propio con dichas bases&#8221;. Inicia el 24 de septiembre de 2012. Duraci\u00f3n del curso: 2 meses (10 clases). Cupo m\u00e1ximo: 10 alumnos. Lugar: Laboratorio de Arte, Monse\u00f1or Escriv\u00e1 de Balaguer 6307, Vitacura, Santiago, Chile. M\u00e1s informaci\u00f3n <a href=\"http:\/\/www.laboratoriodearte.cl\/?p=1\">aqu\u00ed<\/a>. Gracias a Jenny Abud por el dato.<\/p>\n<p><em>Mr. Mano de Papel<\/em><\/p>\n","protected":false},"excerpt":{"rendered":"<p>Taller. Desde Chile, del libro ilustrado, segunda edici\u00f3n. &#8220;El curso busca entregar&#8230;<\/p>\n<p><a href=\"https:\/\/www.manodepapel.com\/blog\/?p=5395\" class=\"more\">Seguir leyendo<\/a><\/p>\n","protected":false},"author":1,"featured_media":6090,"comment_status":"open","ping_status":"open","sticky":false,"template":"","format":"standard","meta":{"footnotes":""},"categories":[1],"tags":[41,954,854,837],"class_list":["post-5395","post","type-post","status-publish","format-standard","has-post-thumbnail","hentry","category-diseno","tag-ilustracion","tag-jenny","tag-laboratorio-de-arte-juanita-canela","tag-libro-album"],"_links":{"self":[{"href":"https:\/\/www.manodepapel.com\/blog\/index.php?rest_route=\/wp\/v2\/posts\/5395","targetHints":{"allow":["GET"]}}],"collection":[{"href":"https:\/\/www.manodepapel.com\/blog\/index.php?rest_route=\/wp\/v2\/posts"}],"about":[{"href":"https:\/\/www.manodepapel.com\/blog\/index.php?rest_route=\/wp\/v2\/types\/post"}],"author":[{"embeddable":true,"href":"https:\/\/www.manodepapel.com\/blog\/index.php?rest_route=\/wp\/v2\/users\/1"}],"replies":[{"embeddable":true,"href":"https:\/\/www.manodepapel.com\/blog\/index.php?rest_route=%2Fwp%2Fv2%2Fcomments&post=5395"}],"version-history":[{"count":2,"href":"https:\/\/www.manodepapel.com\/blog\/index.php?rest_route=\/wp\/v2\/posts\/5395\/revisions"}],"predecessor-version":[{"id":6267,"href":"https:\/\/www.manodepapel.com\/blog\/index.php?rest_route=\/wp\/v2\/posts\/5395\/revisions\/6267"}],"wp:featuredmedia":[{"embeddable":true,"href":"https:\/\/www.manodepapel.com\/blog\/index.php?rest_route=\/wp\/v2\/media\/6090"}],"wp:attachment":[{"href":"https:\/\/www.manodepapel.com\/blog\/index.php?rest_route=%2Fwp%2Fv2%2Fmedia&parent=5395"}],"wp:term":[{"taxonomy":"category","embeddable":true,"href":"https:\/\/www.manodepapel.com\/blog\/index.php?rest_route=%2Fwp%2Fv2%2Fcategories&post=5395"},{"taxonomy":"post_tag","embeddable":true,"href":"https:\/\/www.manodepapel.com\/blog\/index.php?rest_route=%2Fwp%2Fv2%2Ftags&post=5395"}],"curies":[{"name":"wp","href":"https:\/\/api.w.org\/{rel}","templated":true}]}}