{"id":5419,"date":"2012-09-25T02:23:48","date_gmt":"2012-09-25T07:23:48","guid":{"rendered":"http:\/\/www.manodepapel.com\/blog\/?p=5419"},"modified":"2013-03-06T21:29:46","modified_gmt":"2013-03-07T02:29:46","slug":"964","status":"publish","type":"post","link":"https:\/\/www.manodepapel.com\/blog\/?p=5419","title":{"rendered":"964."},"content":{"rendered":"<p><a href=\"http:\/\/www.manodepapel.com\/blog\/wp-content\/uploads\/2012\/09\/1812.png\"><img loading=\"lazy\" decoding=\"async\" src=\"http:\/\/www.manodepapel.com\/blog\/wp-content\/uploads\/2012\/09\/1812.png\" alt=\"\" title=\"18+12\" width=\"400\" height=\"400\" class=\"alignnone size-full wp-image-5421\" srcset=\"https:\/\/www.manodepapel.com\/blog\/wp-content\/uploads\/2012\/09\/1812.png 400w, https:\/\/www.manodepapel.com\/blog\/wp-content\/uploads\/2012\/09\/1812-150x150.png 150w, https:\/\/www.manodepapel.com\/blog\/wp-content\/uploads\/2012\/09\/1812-300x300.png 300w\" sizes=\"auto, (max-width: 400px) 100vw, 400px\" \/><\/a><\/p>\n<p><a href=\"http:\/\/www.manodepapel.com\/blog\/wp-content\/uploads\/2012\/09\/1812-1.jpg\"><img loading=\"lazy\" decoding=\"async\" src=\"http:\/\/www.manodepapel.com\/blog\/wp-content\/uploads\/2012\/09\/1812-1.jpg\" alt=\"\" title=\"18+12\" width=\"400\" height=\"400\" class=\"alignnone size-full wp-image-5420\" srcset=\"https:\/\/www.manodepapel.com\/blog\/wp-content\/uploads\/2012\/09\/1812-1.jpg 400w, https:\/\/www.manodepapel.com\/blog\/wp-content\/uploads\/2012\/09\/1812-1-150x150.jpg 150w, https:\/\/www.manodepapel.com\/blog\/wp-content\/uploads\/2012\/09\/1812-1-300x300.jpg 300w\" sizes=\"auto, (max-width: 400px) 100vw, 400px\" \/><\/a><\/p>\n<p><strong>Exposici\u00f3n.<\/strong> 18+12, presentado por el Centro Cultural de Espa\u00f1a en M\u00e9xico: &#8220;Muestra los trabajos originales de 30 ilustradores -18 espa\u00f1oles y 12 latinoamericanos &#8211; sobre distintos aspectos de la Constituci\u00f3n de 1812 a partir de varios de sus art\u00edculos. Por parte espa\u00f1ola, los ilustradores que intervienen en el proyecto son Pablo Amargo, Elisa Arguil\u00e9, Pablo Auladell, Arnal Ballester, Paz Bo\u00efra, Miguel Calatayud, Isidro Ferrer, Miguel Gallardo, Ana Juan, Keko, Laura, Victoria Martos, Max, Micharmut, Sonia Pulido, Carmen Segovia, Fernando Vicente y Noem\u00ed Villamuza. De Latinoam\u00e9rica estar\u00e1n presentes los mexicanos Cintia Bolio y Alejandro Magallanes, el cubano Ajubel, los brasile\u00f1os Anna Anjos y Flavio Morais, el venezolano Devoner, el peruano Juan Acevedo, los argentinos Mariana Chiesa y Liniers, el uruguayo Omb\u00fa, la colombiana Powerpaola y el chileno Rodrigo Salinas&#8221;. El tema central es la constituci\u00f3n espa\u00f1ola de 1812, conocida popularmente como &#8220;La Pepa&#8221; (por haber sido promulgada el 19 de Marzo, d\u00eda de San Jos\u00e9, yo supongo Pepe masculino, Pepa femenino, &#8220;la&#8221; constituci\u00f3n). Lugar: Guatemala 18, Centro Hist\u00f3rico, ciudad de M\u00e9xico. M\u00e1s informaci\u00f3n <a href=\"http:\/\/www.ccemx.org\/html\/actividades.html?idev=1497\">aqu\u00ed<\/a>. Hasta el 28 de Octubre del 2012. Gracias a Apolorama por el dato.<\/p>\n<p><em>Mr. Mano de Papel<\/em><\/p>\n","protected":false},"excerpt":{"rendered":"<p>Exposici\u00f3n. 18+12, presentado por el Centro Cultural de Espa\u00f1a en M\u00e9xico: &#8220;Muestra&#8230;<\/p>\n<p><a href=\"https:\/\/www.manodepapel.com\/blog\/?p=5419\" class=\"more\">Seguir leyendo<\/a><\/p>\n","protected":false},"author":1,"featured_media":6095,"comment_status":"open","ping_status":"open","sticky":false,"template":"","format":"standard","meta":{"footnotes":""},"categories":[3],"tags":[958,551,41],"class_list":["post-5419","post","type-post","status-publish","format-standard","has-post-thumbnail","hentry","category-arte","tag-958","tag-centro-cultural-espana","tag-ilustracion"],"_links":{"self":[{"href":"https:\/\/www.manodepapel.com\/blog\/index.php?rest_route=\/wp\/v2\/posts\/5419","targetHints":{"allow":["GET"]}}],"collection":[{"href":"https:\/\/www.manodepapel.com\/blog\/index.php?rest_route=\/wp\/v2\/posts"}],"about":[{"href":"https:\/\/www.manodepapel.com\/blog\/index.php?rest_route=\/wp\/v2\/types\/post"}],"author":[{"embeddable":true,"href":"https:\/\/www.manodepapel.com\/blog\/index.php?rest_route=\/wp\/v2\/users\/1"}],"replies":[{"embeddable":true,"href":"https:\/\/www.manodepapel.com\/blog\/index.php?rest_route=%2Fwp%2Fv2%2Fcomments&post=5419"}],"version-history":[{"count":2,"href":"https:\/\/www.manodepapel.com\/blog\/index.php?rest_route=\/wp\/v2\/posts\/5419\/revisions"}],"predecessor-version":[{"id":6262,"href":"https:\/\/www.manodepapel.com\/blog\/index.php?rest_route=\/wp\/v2\/posts\/5419\/revisions\/6262"}],"wp:featuredmedia":[{"embeddable":true,"href":"https:\/\/www.manodepapel.com\/blog\/index.php?rest_route=\/wp\/v2\/media\/6095"}],"wp:attachment":[{"href":"https:\/\/www.manodepapel.com\/blog\/index.php?rest_route=%2Fwp%2Fv2%2Fmedia&parent=5419"}],"wp:term":[{"taxonomy":"category","embeddable":true,"href":"https:\/\/www.manodepapel.com\/blog\/index.php?rest_route=%2Fwp%2Fv2%2Fcategories&post=5419"},{"taxonomy":"post_tag","embeddable":true,"href":"https:\/\/www.manodepapel.com\/blog\/index.php?rest_route=%2Fwp%2Fv2%2Ftags&post=5419"}],"curies":[{"name":"wp","href":"https:\/\/api.w.org\/{rel}","templated":true}]}}