{"id":5708,"date":"2012-11-24T20:58:19","date_gmt":"2012-11-25T01:58:19","guid":{"rendered":"http:\/\/www.manodepapel.com\/blog\/?p=5708"},"modified":"2013-03-06T19:56:38","modified_gmt":"2013-03-07T00:56:38","slug":"1016","status":"publish","type":"post","link":"https:\/\/www.manodepapel.com\/blog\/?p=5708","title":{"rendered":"1016."},"content":{"rendered":"<p><a href=\"http:\/\/www.manodepapel.com\/blog\/wp-content\/uploads\/2012\/11\/formacion_FOEC.jpg\"><img loading=\"lazy\" decoding=\"async\" src=\"http:\/\/www.manodepapel.com\/blog\/wp-content\/uploads\/2012\/11\/formacion_FOEC.jpg\" alt=\"\" title=\"formacion_FOEC\" width=\"400\" height=\"577\" class=\"alignnone size-full wp-image-5709\" srcset=\"https:\/\/www.manodepapel.com\/blog\/wp-content\/uploads\/2012\/11\/formacion_FOEC.jpg 400w, https:\/\/www.manodepapel.com\/blog\/wp-content\/uploads\/2012\/11\/formacion_FOEC-207x300.jpg 207w\" sizes=\"auto, (max-width: 400px) 100vw, 400px\" \/><\/a><\/p>\n<p><strong>Talleres.<\/strong> De formaci\u00f3n, Foro de Ediciones Contempor\u00e1neas, en su quinta edici\u00f3n tiene como invitado a Espa\u00f1a, del 5 al 13 de diciembre, habr\u00e1 talleres diversos e interesantes: Taller de la ilustraci\u00f3n al libro objeto, Taller de edici\u00f3n alternativa, Taller: Leer y dise\u00f1ar im\u00e1genes en el mundo impreso, Taller de Edici\u00f3n y curadur\u00eda: el libro objeto como soporte de expresi\u00f3n, Presentaci\u00f3n del libro: Panorama de la nueva poes\u00eda Argentina&#8230; corra a inscribirse, hay cupos limitados. Adem\u00e1s no deje de asistir a la tradicional feria del libro independiente del 7 al 9 de diciembre en el Museo de Arte Carrillo Gil. Lugar de talleres: <a href=\"http:\/\/www.ccemx.org\">Centro Cultural de Espa\u00f1a en Mexico<\/a>, Guatemala 18, Centro Hist\u00f3rico, ciudad de M\u00e9xico. Inscripciones <a href=\"http:\/\/www.ccemx.org\/inscripcion\">aqu\u00ed<\/a>. M\u00e1s informaci\u00f3n <a href=\"http:\/\/www.facebook.com\/forodeedicionescontemporaneas\">aqu\u00ed<\/a>. Gracias al CCE por el dato.<\/p>\n<p><em>Mr. Mano de Papel<\/em><\/p>\n","protected":false},"excerpt":{"rendered":"<p>Talleres. De formaci\u00f3n, Foro de Ediciones Contempor\u00e1neas, en su quinta edici\u00f3n tiene&#8230;<\/p>\n<p><a href=\"https:\/\/www.manodepapel.com\/blog\/?p=5708\" class=\"more\">Seguir leyendo<\/a><\/p>\n","protected":false},"author":1,"featured_media":6146,"comment_status":"open","ping_status":"open","sticky":false,"template":"","format":"standard","meta":{"footnotes":""},"categories":[1],"tags":[551,1008,285,372],"class_list":["post-5708","post","type-post","status-publish","format-standard","has-post-thumbnail","hentry","category-diseno","tag-centro-cultural-espana","tag-foro-de-ediciones-contemporaneas","tag-libro","tag-talleres"],"_links":{"self":[{"href":"https:\/\/www.manodepapel.com\/blog\/index.php?rest_route=\/wp\/v2\/posts\/5708","targetHints":{"allow":["GET"]}}],"collection":[{"href":"https:\/\/www.manodepapel.com\/blog\/index.php?rest_route=\/wp\/v2\/posts"}],"about":[{"href":"https:\/\/www.manodepapel.com\/blog\/index.php?rest_route=\/wp\/v2\/types\/post"}],"author":[{"embeddable":true,"href":"https:\/\/www.manodepapel.com\/blog\/index.php?rest_route=\/wp\/v2\/users\/1"}],"replies":[{"embeddable":true,"href":"https:\/\/www.manodepapel.com\/blog\/index.php?rest_route=%2Fwp%2Fv2%2Fcomments&post=5708"}],"version-history":[{"count":2,"href":"https:\/\/www.manodepapel.com\/blog\/index.php?rest_route=\/wp\/v2\/posts\/5708\/revisions"}],"predecessor-version":[{"id":6207,"href":"https:\/\/www.manodepapel.com\/blog\/index.php?rest_route=\/wp\/v2\/posts\/5708\/revisions\/6207"}],"wp:featuredmedia":[{"embeddable":true,"href":"https:\/\/www.manodepapel.com\/blog\/index.php?rest_route=\/wp\/v2\/media\/6146"}],"wp:attachment":[{"href":"https:\/\/www.manodepapel.com\/blog\/index.php?rest_route=%2Fwp%2Fv2%2Fmedia&parent=5708"}],"wp:term":[{"taxonomy":"category","embeddable":true,"href":"https:\/\/www.manodepapel.com\/blog\/index.php?rest_route=%2Fwp%2Fv2%2Fcategories&post=5708"},{"taxonomy":"post_tag","embeddable":true,"href":"https:\/\/www.manodepapel.com\/blog\/index.php?rest_route=%2Fwp%2Fv2%2Ftags&post=5708"}],"curies":[{"name":"wp","href":"https:\/\/api.w.org\/{rel}","templated":true}]}}