{"id":7496,"date":"2013-03-22T09:35:30","date_gmt":"2013-03-22T14:35:30","guid":{"rendered":"http:\/\/www.manodepapel.com\/blog\/?p=7496"},"modified":"2013-03-22T09:35:30","modified_gmt":"2013-03-22T14:35:30","slug":"1089","status":"publish","type":"post","link":"https:\/\/www.manodepapel.com\/blog\/?p=7496","title":{"rendered":"1089."},"content":{"rendered":"<p><a href=\"http:\/\/www.manodepapel.com\/blog\/wp-content\/uploads\/2013\/03\/ilustradero.png\"><img loading=\"lazy\" decoding=\"async\" src=\"http:\/\/www.manodepapel.com\/blog\/wp-content\/uploads\/2013\/03\/ilustradero.png\" alt=\"ilustradero\" width=\"400\" height=\"427\" class=\"alignnone size-full wp-image-7497\" srcset=\"https:\/\/www.manodepapel.com\/blog\/wp-content\/uploads\/2013\/03\/ilustradero.png 400w, https:\/\/www.manodepapel.com\/blog\/wp-content\/uploads\/2013\/03\/ilustradero-281x300.png 281w, https:\/\/www.manodepapel.com\/blog\/wp-content\/uploads\/2013\/03\/ilustradero-378x403.png 378w\" sizes=\"auto, (max-width: 400px) 100vw, 400px\" \/><\/a><\/p>\n<p><strong>Convocatoria.<\/strong> <a href=\"http:\/\/www.elilustradero.com\/\">El Ilustradero<\/a> convoca a su registro 2013, en el que buscan promover el trabajo de ilustradores profesionales desde distintos enfoques: web, ferias y publicaciones. Al parecer despega de nuevo este colectivo, enhorabuena! Fecha l\u00edmite: 21 de mayo de 2013. M\u00e1s informaci\u00f3n <a href=\"http:\/\/www.elilustradero.com\/convocatorias\/conv_ILS2013.pdf\">aqu\u00ed<\/a>.<\/p>\n<p><em>Mr. Mano de Papel<\/em><\/p>\n","protected":false},"excerpt":{"rendered":"<p>Convocatoria. El Ilustradero convoca a su registro 2013, en el que buscan&#8230;<\/p>\n<p><a href=\"https:\/\/www.manodepapel.com\/blog\/?p=7496\" class=\"more\">Seguir leyendo<\/a><\/p>\n","protected":false},"author":1,"featured_media":7498,"comment_status":"open","ping_status":"open","sticky":false,"template":"","format":"standard","meta":{"footnotes":""},"categories":[1],"tags":[134,41],"class_list":["post-7496","post","type-post","status-publish","format-standard","has-post-thumbnail","hentry","category-diseno","tag-el-ilustradero","tag-ilustracion"],"_links":{"self":[{"href":"https:\/\/www.manodepapel.com\/blog\/index.php?rest_route=\/wp\/v2\/posts\/7496","targetHints":{"allow":["GET"]}}],"collection":[{"href":"https:\/\/www.manodepapel.com\/blog\/index.php?rest_route=\/wp\/v2\/posts"}],"about":[{"href":"https:\/\/www.manodepapel.com\/blog\/index.php?rest_route=\/wp\/v2\/types\/post"}],"author":[{"embeddable":true,"href":"https:\/\/www.manodepapel.com\/blog\/index.php?rest_route=\/wp\/v2\/users\/1"}],"replies":[{"embeddable":true,"href":"https:\/\/www.manodepapel.com\/blog\/index.php?rest_route=%2Fwp%2Fv2%2Fcomments&post=7496"}],"version-history":[{"count":1,"href":"https:\/\/www.manodepapel.com\/blog\/index.php?rest_route=\/wp\/v2\/posts\/7496\/revisions"}],"predecessor-version":[{"id":7499,"href":"https:\/\/www.manodepapel.com\/blog\/index.php?rest_route=\/wp\/v2\/posts\/7496\/revisions\/7499"}],"wp:featuredmedia":[{"embeddable":true,"href":"https:\/\/www.manodepapel.com\/blog\/index.php?rest_route=\/wp\/v2\/media\/7498"}],"wp:attachment":[{"href":"https:\/\/www.manodepapel.com\/blog\/index.php?rest_route=%2Fwp%2Fv2%2Fmedia&parent=7496"}],"wp:term":[{"taxonomy":"category","embeddable":true,"href":"https:\/\/www.manodepapel.com\/blog\/index.php?rest_route=%2Fwp%2Fv2%2Fcategories&post=7496"},{"taxonomy":"post_tag","embeddable":true,"href":"https:\/\/www.manodepapel.com\/blog\/index.php?rest_route=%2Fwp%2Fv2%2Ftags&post=7496"}],"curies":[{"name":"wp","href":"https:\/\/api.w.org\/{rel}","templated":true}]}}