{"id":873,"date":"2009-05-19T13:25:17","date_gmt":"2009-05-19T18:25:17","guid":{"rendered":"http:\/\/www.manodepapel.com\/blog\/?p=873"},"modified":"2013-03-28T17:23:44","modified_gmt":"2013-03-28T22:23:44","slug":"267","status":"publish","type":"post","link":"https:\/\/www.manodepapel.com\/blog\/?p=873","title":{"rendered":"267."},"content":{"rendered":"<p><img loading=\"lazy\" decoding=\"async\" src=\"http:\/\/www.manodepapel.com\/blog\/wp-content\/uploads\/2009\/05\/b-267.jpg\" alt=\"good90x70\" title=\"good90x70\" width=\"400\" height=\"332\" class=\"alignnone size-full wp-image-874\" srcset=\"https:\/\/www.manodepapel.com\/blog\/wp-content\/uploads\/2009\/05\/b-267.jpg 400w, https:\/\/www.manodepapel.com\/blog\/wp-content\/uploads\/2009\/05\/b-267-300x249.jpg 300w\" sizes=\"auto, (max-width: 400px) 100vw, 400px\" \/><\/p>\n<p>La tercera edici\u00f3n del proyecto de comunicaci\u00f3n social <a href=\"http:\/\/good50x70.org\/2009\/\">Good50x70<\/a> ha llegado a su fin con la selecci\u00f3n de los carteles ganadores en 7 categor\u00edas: trabajo infantil, cambio clim\u00e1tico, privaci\u00f3n de la salud, sida, emergencia nuclear, la guerra del terror, violaci\u00f3n de los derechos de las mujeres.<br \/>\nAunque me parece haber visto repetidas un par de soluciones gr\u00e1ficas, en general la muestra muy redonda y completa, destacando el dramatismo italiano que parece tomar nuevos brios en la fotograf\u00eda y la terquedad oriental que insiste en dar buenas piezas.<br \/>\nLa selecci\u00f3n tambi\u00e9n demuestra la larga escuela de Fukuda y de Drewinski, la s\u00edntesis=signo=proceso del s\u00edmbolo.<br \/>\nHay presencia nacional: \u00c1ngel Anastacio Fern\u00e1ndez, Natalia Delgado, H\u00e9ctor Iv\u00e1n Dom\u00ednguez, Mario Israel Prado, Claudia Libeth Arana y C\u00e9sar Al\u00ed Hern\u00e1ndez.<br \/>\nEsperamos la muestra tenga su acto de honor en la calle y reciba del ambiente adverso la fuerza para sobrevivir.<\/p>\n<p><em>Mr. Mano de Papel<\/em><\/p>\n","protected":false},"excerpt":{"rendered":"<p>La tercera edici\u00f3n del proyecto de comunicaci\u00f3n social Good50x70 ha llegado a&#8230;<\/p>\n<p><a href=\"https:\/\/www.manodepapel.com\/blog\/?p=873\" class=\"more\">Seguir leyendo<\/a><\/p>\n","protected":false},"author":1,"featured_media":7780,"comment_status":"open","ping_status":"open","sticky":false,"template":"","format":"standard","meta":{"footnotes":""},"categories":[1],"tags":[25,356],"class_list":["post-873","post","type-post","status-publish","format-standard","has-post-thumbnail","hentry","category-diseno","tag-cartel","tag-good-50x70"],"_links":{"self":[{"href":"https:\/\/www.manodepapel.com\/blog\/index.php?rest_route=\/wp\/v2\/posts\/873","targetHints":{"allow":["GET"]}}],"collection":[{"href":"https:\/\/www.manodepapel.com\/blog\/index.php?rest_route=\/wp\/v2\/posts"}],"about":[{"href":"https:\/\/www.manodepapel.com\/blog\/index.php?rest_route=\/wp\/v2\/types\/post"}],"author":[{"embeddable":true,"href":"https:\/\/www.manodepapel.com\/blog\/index.php?rest_route=\/wp\/v2\/users\/1"}],"replies":[{"embeddable":true,"href":"https:\/\/www.manodepapel.com\/blog\/index.php?rest_route=%2Fwp%2Fv2%2Fcomments&post=873"}],"version-history":[{"count":6,"href":"https:\/\/www.manodepapel.com\/blog\/index.php?rest_route=\/wp\/v2\/posts\/873\/revisions"}],"predecessor-version":[{"id":7839,"href":"https:\/\/www.manodepapel.com\/blog\/index.php?rest_route=\/wp\/v2\/posts\/873\/revisions\/7839"}],"wp:featuredmedia":[{"embeddable":true,"href":"https:\/\/www.manodepapel.com\/blog\/index.php?rest_route=\/wp\/v2\/media\/7780"}],"wp:attachment":[{"href":"https:\/\/www.manodepapel.com\/blog\/index.php?rest_route=%2Fwp%2Fv2%2Fmedia&parent=873"}],"wp:term":[{"taxonomy":"category","embeddable":true,"href":"https:\/\/www.manodepapel.com\/blog\/index.php?rest_route=%2Fwp%2Fv2%2Fcategories&post=873"},{"taxonomy":"post_tag","embeddable":true,"href":"https:\/\/www.manodepapel.com\/blog\/index.php?rest_route=%2Fwp%2Fv2%2Ftags&post=873"}],"curies":[{"name":"wp","href":"https:\/\/api.w.org\/{rel}","templated":true}]}}