{"id":8832,"date":"2013-08-28T14:45:15","date_gmt":"2013-08-28T19:45:15","guid":{"rendered":"http:\/\/www.manodepapel.com\/blog\/?p=8832"},"modified":"2013-08-28T14:45:15","modified_gmt":"2013-08-28T19:45:15","slug":"1170","status":"publish","type":"post","link":"https:\/\/www.manodepapel.com\/blog\/?p=8832","title":{"rendered":"1170."},"content":{"rendered":"<p><a href=\"http:\/\/www.manodepapel.com\/blog\/wp-content\/uploads\/2013\/08\/filij33.png\"><img loading=\"lazy\" decoding=\"async\" src=\"http:\/\/www.manodepapel.com\/blog\/wp-content\/uploads\/2013\/08\/filij33.png\" alt=\"filij 33\" width=\"400\" height=\"386\" class=\"alignnone size-full wp-image-8834\" srcset=\"https:\/\/www.manodepapel.com\/blog\/wp-content\/uploads\/2013\/08\/filij33.png 400w, https:\/\/www.manodepapel.com\/blog\/wp-content\/uploads\/2013\/08\/filij33-300x289.png 300w, https:\/\/www.manodepapel.com\/blog\/wp-content\/uploads\/2013\/08\/filij33-378x364.png 378w\" sizes=\"auto, (max-width: 400px) 100vw, 400px\" \/><\/a><\/p>\n<p><strong>Clases.<\/strong> Magistrales de Libro Alb\u00fam:<br \/>\n&#8220;Con el objetivo de apoyar la profesionalizaci\u00f3n de autores mexicanos, dot\u00e1ndolos de herramientas espec\u00edficas para la creaci\u00f3n de obras de calidad, con el fin de reforzar la oferta de publicaciones mexicanas de literatura infantil y juvenil, el Consejo Nacional para la Cultura y las Artes, a trav\u00e9s de la Direcci\u00f3n General de Publicaciones, convoca a ilustradores, directores de arte y editores profesionales a participar en las Clases magistrales de libro \u00e1lbum, que que tendr\u00e1n lugar en el marco de la 33\u00aa Feria Internacional del Libro Infantil y Juvenil (<a href=\"http:\/\/www.filij.com\">FILIJ<\/a>)&#8221;.<br \/>\nLos maestro invitados son: Neal Porter, Laura Vacarro Seeger, Javier S\u00e1ez, Yuyi Morales y Alejandro Magallanes. Periodo de recepci\u00f3n de documentos: del 18 de agosto al 23 de septiembre de 2013. M\u00e1s informaci\u00f3n <a href=\"http:\/\/www.filij.com\/#!libro-album\/c93p\">aqu\u00ed<\/a>. <\/p>\n<p><em>Mr. Mano de Papel<\/em><\/p>\n","protected":false},"excerpt":{"rendered":"<p>Clases. Magistrales de Libro Alb\u00fam: &#8220;Con el objetivo de apoyar la profesionalizaci\u00f3n&#8230;<\/p>\n<p><a href=\"https:\/\/www.manodepapel.com\/blog\/?p=8832\" class=\"more\">Seguir leyendo<\/a><\/p>\n","protected":false},"author":1,"featured_media":8833,"comment_status":"open","ping_status":"open","sticky":false,"template":"","format":"standard","meta":{"footnotes":""},"categories":[1],"tags":[1165,524,41],"class_list":["post-8832","post","type-post","status-publish","format-standard","has-post-thumbnail","hentry","category-diseno","tag-clases-magistrales","tag-filij","tag-ilustracion"],"_links":{"self":[{"href":"https:\/\/www.manodepapel.com\/blog\/index.php?rest_route=\/wp\/v2\/posts\/8832","targetHints":{"allow":["GET"]}}],"collection":[{"href":"https:\/\/www.manodepapel.com\/blog\/index.php?rest_route=\/wp\/v2\/posts"}],"about":[{"href":"https:\/\/www.manodepapel.com\/blog\/index.php?rest_route=\/wp\/v2\/types\/post"}],"author":[{"embeddable":true,"href":"https:\/\/www.manodepapel.com\/blog\/index.php?rest_route=\/wp\/v2\/users\/1"}],"replies":[{"embeddable":true,"href":"https:\/\/www.manodepapel.com\/blog\/index.php?rest_route=%2Fwp%2Fv2%2Fcomments&post=8832"}],"version-history":[{"count":1,"href":"https:\/\/www.manodepapel.com\/blog\/index.php?rest_route=\/wp\/v2\/posts\/8832\/revisions"}],"predecessor-version":[{"id":8835,"href":"https:\/\/www.manodepapel.com\/blog\/index.php?rest_route=\/wp\/v2\/posts\/8832\/revisions\/8835"}],"wp:featuredmedia":[{"embeddable":true,"href":"https:\/\/www.manodepapel.com\/blog\/index.php?rest_route=\/wp\/v2\/media\/8833"}],"wp:attachment":[{"href":"https:\/\/www.manodepapel.com\/blog\/index.php?rest_route=%2Fwp%2Fv2%2Fmedia&parent=8832"}],"wp:term":[{"taxonomy":"category","embeddable":true,"href":"https:\/\/www.manodepapel.com\/blog\/index.php?rest_route=%2Fwp%2Fv2%2Fcategories&post=8832"},{"taxonomy":"post_tag","embeddable":true,"href":"https:\/\/www.manodepapel.com\/blog\/index.php?rest_route=%2Fwp%2Fv2%2Ftags&post=8832"}],"curies":[{"name":"wp","href":"https:\/\/api.w.org\/{rel}","templated":true}]}}