{"id":8843,"date":"2013-08-30T20:46:49","date_gmt":"2013-08-31T01:46:49","guid":{"rendered":"http:\/\/www.manodepapel.com\/blog\/?p=8843"},"modified":"2013-09-01T22:22:47","modified_gmt":"2013-09-02T03:22:47","slug":"1172","status":"publish","type":"post","link":"https:\/\/www.manodepapel.com\/blog\/?p=8843","title":{"rendered":"1172."},"content":{"rendered":"<p><a href=\"http:\/\/www.manodepapel.com\/blog\/wp-content\/uploads\/2013\/08\/salvaje2.png\"><img loading=\"lazy\" decoding=\"async\" src=\"http:\/\/www.manodepapel.com\/blog\/wp-content\/uploads\/2013\/08\/salvaje2.png\" alt=\"salvaje\" width=\"400\" height=\"400\" class=\"alignnone size-full wp-image-8844\" srcset=\"https:\/\/www.manodepapel.com\/blog\/wp-content\/uploads\/2013\/08\/salvaje2.png 400w, https:\/\/www.manodepapel.com\/blog\/wp-content\/uploads\/2013\/08\/salvaje2-150x150.png 150w, https:\/\/www.manodepapel.com\/blog\/wp-content\/uploads\/2013\/08\/salvaje2-300x300.png 300w, https:\/\/www.manodepapel.com\/blog\/wp-content\/uploads\/2013\/08\/salvaje2-378x378.png 378w\" sizes=\"auto, (max-width: 400px) 100vw, 400px\" \/><\/a><\/p>\n<p><strong>Convocatoria.<\/strong> <a href=\"http:\/\/salvajegrafica.blogspot.mx\/\">Salvaje<\/a> invita a ilustradores, dibujantes y artistas a formar parte de su primer proyecto llamado <strong>Portadas Salvajes<\/strong>: &#8220;Portadas Salvajes trata de reinventar gr\u00e1ficamente las portadas de las obras de literatura boliviana, pasando por todos los g\u00e9neros: poes\u00eda, novela, cuento, ensayo&#8230; versiones alternativas a las existentes por su potente acabado visual&#8230;&#8221;.<br \/>\nSe dice que no se debe juzgar a un libro por su portada&#8230; bueno, porque no!.. La convocatoria completa <a href=\"http:\/\/issuu.com\/marcotoxico\/docs\/portadas_salvajes\/2?e=2468278\/4600265\">aqu\u00ed<\/a>. Fecha l\u00edmite: 31 de octubre de 2013. Saludos a todos los colegas de Bolivia. Gracias a Marco por la informaci\u00f3n.<\/p>\n<p><em>Mr. Mano de Papel<\/em><\/p>\n","protected":false},"excerpt":{"rendered":"<p>Convocatoria. Salvaje invita a ilustradores, dibujantes y artistas a formar parte de&#8230;<\/p>\n<p><a href=\"https:\/\/www.manodepapel.com\/blog\/?p=8843\" class=\"more\">Seguir leyendo<\/a><\/p>\n","protected":false},"author":1,"featured_media":8845,"comment_status":"open","ping_status":"open","sticky":false,"template":"","format":"standard","meta":{"footnotes":""},"categories":[1],"tags":[19,41,249,522,1166],"class_list":["post-8843","post","type-post","status-publish","format-standard","has-post-thumbnail","hentry","category-diseno","tag-diseno-editorial","tag-ilustracion","tag-libros","tag-literatura","tag-salvaje"],"_links":{"self":[{"href":"https:\/\/www.manodepapel.com\/blog\/index.php?rest_route=\/wp\/v2\/posts\/8843","targetHints":{"allow":["GET"]}}],"collection":[{"href":"https:\/\/www.manodepapel.com\/blog\/index.php?rest_route=\/wp\/v2\/posts"}],"about":[{"href":"https:\/\/www.manodepapel.com\/blog\/index.php?rest_route=\/wp\/v2\/types\/post"}],"author":[{"embeddable":true,"href":"https:\/\/www.manodepapel.com\/blog\/index.php?rest_route=\/wp\/v2\/users\/1"}],"replies":[{"embeddable":true,"href":"https:\/\/www.manodepapel.com\/blog\/index.php?rest_route=%2Fwp%2Fv2%2Fcomments&post=8843"}],"version-history":[{"count":1,"href":"https:\/\/www.manodepapel.com\/blog\/index.php?rest_route=\/wp\/v2\/posts\/8843\/revisions"}],"predecessor-version":[{"id":8846,"href":"https:\/\/www.manodepapel.com\/blog\/index.php?rest_route=\/wp\/v2\/posts\/8843\/revisions\/8846"}],"wp:featuredmedia":[{"embeddable":true,"href":"https:\/\/www.manodepapel.com\/blog\/index.php?rest_route=\/wp\/v2\/media\/8845"}],"wp:attachment":[{"href":"https:\/\/www.manodepapel.com\/blog\/index.php?rest_route=%2Fwp%2Fv2%2Fmedia&parent=8843"}],"wp:term":[{"taxonomy":"category","embeddable":true,"href":"https:\/\/www.manodepapel.com\/blog\/index.php?rest_route=%2Fwp%2Fv2%2Fcategories&post=8843"},{"taxonomy":"post_tag","embeddable":true,"href":"https:\/\/www.manodepapel.com\/blog\/index.php?rest_route=%2Fwp%2Fv2%2Ftags&post=8843"}],"curies":[{"name":"wp","href":"https:\/\/api.w.org\/{rel}","templated":true}]}}