{"id":895,"date":"2009-05-27T22:48:26","date_gmt":"2009-05-28T03:48:26","guid":{"rendered":"http:\/\/www.manodepapel.com\/blog\/?p=895"},"modified":"2013-03-28T17:30:20","modified_gmt":"2013-03-28T22:30:20","slug":"272","status":"publish","type":"post","link":"https:\/\/www.manodepapel.com\/blog\/?p=895","title":{"rendered":"272."},"content":{"rendered":"<p><img loading=\"lazy\" decoding=\"async\" src=\"http:\/\/www.manodepapel.com\/blog\/wp-content\/uploads\/2009\/05\/b-272.jpg\" alt=\"manodepapel\" title=\"manodepapel\" width=\"400\" height=\"570\" class=\"alignnone size-full wp-image-898\" srcset=\"https:\/\/www.manodepapel.com\/blog\/wp-content\/uploads\/2009\/05\/b-272.jpg 400w, https:\/\/www.manodepapel.com\/blog\/wp-content\/uploads\/2009\/05\/b-272-210x300.jpg 210w\" sizes=\"auto, (max-width: 400px) 100vw, 400px\" \/><\/p>\n<p><strong>Concurso.<\/strong> Una mas de cartel para llevar, esta vez los Centro de Integraci\u00f3n Juvenil A.C. &#8220;Para vivir sin adicciones&#8221; invitan al VI Concurso Nacional de Cartel cuyo objetivo es el siguiente: propiciar la participaci\u00f3n de los estudiantes y profesionales del dise\u00f1o gr\u00e1fico y la comunicaci\u00f3n en el dise\u00f1o de carteles preventivos y de tratamiento del consumo de alcohol, tabaco y drogas ilegales, particularmente entre ni\u00f1os y j\u00f3venes.<br \/>\nFecha limite: 10 de julio de 2009. Gracias al joven Robledo por el dato.<\/p>\n<p>Las bases <a href=\"http:\/\/www.cij.gob.mx\/cartel2009\/html\/inicio.html\">aqu\u00ed<\/a>.<\/p>\n<p><em>Mr. Mano de Papel<\/em><\/p>\n","protected":false},"excerpt":{"rendered":"<p>Concurso. Una mas de cartel para llevar, esta vez los Centro de&#8230;<\/p>\n<p><a href=\"https:\/\/www.manodepapel.com\/blog\/?p=895\" class=\"more\">Seguir leyendo<\/a><\/p>\n","protected":false},"author":1,"featured_media":7785,"comment_status":"open","ping_status":"open","sticky":false,"template":"","format":"standard","meta":{"footnotes":""},"categories":[1],"tags":[25,362],"class_list":["post-895","post","type-post","status-publish","format-standard","has-post-thumbnail","hentry","category-diseno","tag-cartel","tag-centro-de-integracion-juvenil"],"_links":{"self":[{"href":"https:\/\/www.manodepapel.com\/blog\/index.php?rest_route=\/wp\/v2\/posts\/895","targetHints":{"allow":["GET"]}}],"collection":[{"href":"https:\/\/www.manodepapel.com\/blog\/index.php?rest_route=\/wp\/v2\/posts"}],"about":[{"href":"https:\/\/www.manodepapel.com\/blog\/index.php?rest_route=\/wp\/v2\/types\/post"}],"author":[{"embeddable":true,"href":"https:\/\/www.manodepapel.com\/blog\/index.php?rest_route=\/wp\/v2\/users\/1"}],"replies":[{"embeddable":true,"href":"https:\/\/www.manodepapel.com\/blog\/index.php?rest_route=%2Fwp%2Fv2%2Fcomments&post=895"}],"version-history":[{"count":6,"href":"https:\/\/www.manodepapel.com\/blog\/index.php?rest_route=\/wp\/v2\/posts\/895\/revisions"}],"predecessor-version":[{"id":7848,"href":"https:\/\/www.manodepapel.com\/blog\/index.php?rest_route=\/wp\/v2\/posts\/895\/revisions\/7848"}],"wp:featuredmedia":[{"embeddable":true,"href":"https:\/\/www.manodepapel.com\/blog\/index.php?rest_route=\/wp\/v2\/media\/7785"}],"wp:attachment":[{"href":"https:\/\/www.manodepapel.com\/blog\/index.php?rest_route=%2Fwp%2Fv2%2Fmedia&parent=895"}],"wp:term":[{"taxonomy":"category","embeddable":true,"href":"https:\/\/www.manodepapel.com\/blog\/index.php?rest_route=%2Fwp%2Fv2%2Fcategories&post=895"},{"taxonomy":"post_tag","embeddable":true,"href":"https:\/\/www.manodepapel.com\/blog\/index.php?rest_route=%2Fwp%2Fv2%2Ftags&post=895"}],"curies":[{"name":"wp","href":"https:\/\/api.w.org\/{rel}","templated":true}]}}