{"id":8950,"date":"2013-12-04T20:32:20","date_gmt":"2013-12-05T01:32:20","guid":{"rendered":"http:\/\/www.manodepapel.com\/blog\/?p=8950"},"modified":"2013-12-04T20:33:19","modified_gmt":"2013-12-05T01:33:19","slug":"1232","status":"publish","type":"post","link":"https:\/\/www.manodepapel.com\/blog\/?p=8950","title":{"rendered":"1232."},"content":{"rendered":"<p><a href=\"http:\/\/www.manodepapel.com\/blog\/wp-content\/uploads\/2013\/11\/feriaediciones2013.jpg\"><img loading=\"lazy\" decoding=\"async\" src=\"http:\/\/www.manodepapel.com\/blog\/wp-content\/uploads\/2013\/11\/feriaediciones2013.jpg\" alt=\"foro de ediciones\" width=\"400\" height=\"583\" class=\"alignnone size-full wp-image-9045\" srcset=\"https:\/\/www.manodepapel.com\/blog\/wp-content\/uploads\/2013\/11\/feriaediciones2013.jpg 400w, https:\/\/www.manodepapel.com\/blog\/wp-content\/uploads\/2013\/11\/feriaediciones2013-205x300.jpg 205w, https:\/\/www.manodepapel.com\/blog\/wp-content\/uploads\/2013\/11\/feriaediciones2013-378x550.jpg 378w\" sizes=\"auto, (max-width: 400px) 100vw, 400px\" \/><\/a><\/p>\n<p><strong>Feria.<\/strong> El cierre del a\u00f1o, el Foro de Ediciones Contempor\u00e1neas en su sexta edici\u00f3n del 6 al 8 de diciembre de 2013 en el Museo de Arte Carrillo Gil. Pa\u00eds invitado: Francia.<br \/>\nAh\u00ed vamos a estar vendiendo mi libro de carteles, un libro ilustrado m\u00edo por parte de <a href=\"http:\/\/www.lacajadecerillosediciones.com\/\">La Caja de Cerillos Ediciones<\/a> y algunas sorpresas del Colectivo <a href=\"http:\/\/www.losobrevivientes.com\/diasperfectos\/\">Los sobrevivientes<\/a>.<br \/>\nLugar: Revoluci\u00f3n 1608, San \u00c1ngel, ciudad de M\u00e9xico. All\u00e1 nos vemos.<\/p>\n<p><em>Mr. Mano de Papel<\/em><\/p>\n","protected":false},"excerpt":{"rendered":"<p>Feria. El cierre del a\u00f1o, el Foro de Ediciones Contempor\u00e1neas en su&#8230;<\/p>\n<p><a href=\"https:\/\/www.manodepapel.com\/blog\/?p=8950\" class=\"more\">Seguir leyendo<\/a><\/p>\n","protected":false},"author":1,"featured_media":9046,"comment_status":"open","ping_status":"open","sticky":false,"template":"","format":"standard","meta":{"footnotes":""},"categories":[1],"tags":[1008,249],"class_list":["post-8950","post","type-post","status-publish","format-standard","has-post-thumbnail","hentry","category-diseno","tag-foro-de-ediciones-contemporaneas","tag-libros"],"_links":{"self":[{"href":"https:\/\/www.manodepapel.com\/blog\/index.php?rest_route=\/wp\/v2\/posts\/8950","targetHints":{"allow":["GET"]}}],"collection":[{"href":"https:\/\/www.manodepapel.com\/blog\/index.php?rest_route=\/wp\/v2\/posts"}],"about":[{"href":"https:\/\/www.manodepapel.com\/blog\/index.php?rest_route=\/wp\/v2\/types\/post"}],"author":[{"embeddable":true,"href":"https:\/\/www.manodepapel.com\/blog\/index.php?rest_route=\/wp\/v2\/users\/1"}],"replies":[{"embeddable":true,"href":"https:\/\/www.manodepapel.com\/blog\/index.php?rest_route=%2Fwp%2Fv2%2Fcomments&post=8950"}],"version-history":[{"count":5,"href":"https:\/\/www.manodepapel.com\/blog\/index.php?rest_route=\/wp\/v2\/posts\/8950\/revisions"}],"predecessor-version":[{"id":9199,"href":"https:\/\/www.manodepapel.com\/blog\/index.php?rest_route=\/wp\/v2\/posts\/8950\/revisions\/9199"}],"wp:featuredmedia":[{"embeddable":true,"href":"https:\/\/www.manodepapel.com\/blog\/index.php?rest_route=\/wp\/v2\/media\/9046"}],"wp:attachment":[{"href":"https:\/\/www.manodepapel.com\/blog\/index.php?rest_route=%2Fwp%2Fv2%2Fmedia&parent=8950"}],"wp:term":[{"taxonomy":"category","embeddable":true,"href":"https:\/\/www.manodepapel.com\/blog\/index.php?rest_route=%2Fwp%2Fv2%2Fcategories&post=8950"},{"taxonomy":"post_tag","embeddable":true,"href":"https:\/\/www.manodepapel.com\/blog\/index.php?rest_route=%2Fwp%2Fv2%2Ftags&post=8950"}],"curies":[{"name":"wp","href":"https:\/\/api.w.org\/{rel}","templated":true}]}}