{"id":910,"date":"2009-06-01T12:16:19","date_gmt":"2009-06-01T17:16:19","guid":{"rendered":"http:\/\/www.manodepapel.com\/blog\/?p=910"},"modified":"2013-03-28T17:21:26","modified_gmt":"2013-03-28T22:21:26","slug":"274","status":"publish","type":"post","link":"https:\/\/www.manodepapel.com\/blog\/?p=910","title":{"rendered":"274."},"content":{"rendered":"<p><img loading=\"lazy\" decoding=\"async\" src=\"http:\/\/www.manodepapel.com\/blog\/wp-content\/uploads\/2009\/06\/b-274.jpg\" alt=\"Segundo seminario Edinba\" title=\"Segundo seminario Edinba\" width=\"400\" height=\"470\" class=\"alignnone size-full wp-image-911\" srcset=\"https:\/\/www.manodepapel.com\/blog\/wp-content\/uploads\/2009\/06\/b-274.jpg 400w, https:\/\/www.manodepapel.com\/blog\/wp-content\/uploads\/2009\/06\/b-274-255x300.jpg 255w\" sizes=\"auto, (max-width: 400px) 100vw, 400px\" \/><\/p>\n<p><strong>Conferencias.<\/strong> La Especialidad en Producci\u00f3n Editorial de la Escuela de Dise\u00f1o del INBA invita a su Segundo Seminario de Producci\u00f3n Editorial:<\/p>\n<p>Martes 30 de junio <em>Perspectivas actuales para la edici\u00f3n<\/em><br \/>\n> Joaqu\u00edn Diez-Canedo (FCE), Eduardo Rabasa (Sexto Piso) y Tomas Granados (Libraria) <\/p>\n<p>Mi\u00e9rcoles 1 de julio <em>Publicaciones electr\u00f3nicas<\/em><br \/>\n> Guillermo Chavez (Producci\u00f3n Digital UNAM), Javier Uribe (web diario El Universal) y Dolores Latap\u00ed (UNAM) <\/p>\n<p>Jueves 2 de julio <em>Fomento a la lectura<\/em><br \/>\n> Daniel Goldin (Oceano, ni\u00f1os), Carola Diez (investigadora) y Fernando Fernandez (editor)<\/p>\n<p>Horario (para todos los d\u00edas): de 17:30 a 21:00 horas.<br \/>\nLugar: Escuela de Dise\u00f1o del INBA, Xocongo 138, Col. Tr\u00e1nsito, entre las estaciones del metro San Antonio Abad y Pino Su\u00e1rez, ciudad de M\u00e9xico.<br \/>\nEntrada libre, cupo limitado.<br \/>\nInscripciones: Coordinaci\u00f3n de difusi\u00f3n de la Escuela de Dise\u00f1o<br \/>\n5491-0994 y 5522-5762<\/p>\n<p><em>Mr. Mano de Papel<\/em><\/p>\n","protected":false},"excerpt":{"rendered":"<p>Conferencias. La Especialidad en Producci\u00f3n Editorial de la Escuela de Dise\u00f1o del&#8230;<\/p>\n<p><a href=\"https:\/\/www.manodepapel.com\/blog\/?p=910\" class=\"more\">Seguir leyendo<\/a><\/p>\n","protected":false},"author":1,"featured_media":7787,"comment_status":"open","ping_status":"open","sticky":false,"template":"","format":"standard","meta":{"footnotes":""},"categories":[1],"tags":[19,98],"class_list":["post-910","post","type-post","status-publish","format-standard","has-post-thumbnail","hentry","category-diseno","tag-diseno-editorial","tag-edinba"],"_links":{"self":[{"href":"https:\/\/www.manodepapel.com\/blog\/index.php?rest_route=\/wp\/v2\/posts\/910","targetHints":{"allow":["GET"]}}],"collection":[{"href":"https:\/\/www.manodepapel.com\/blog\/index.php?rest_route=\/wp\/v2\/posts"}],"about":[{"href":"https:\/\/www.manodepapel.com\/blog\/index.php?rest_route=\/wp\/v2\/types\/post"}],"author":[{"embeddable":true,"href":"https:\/\/www.manodepapel.com\/blog\/index.php?rest_route=\/wp\/v2\/users\/1"}],"replies":[{"embeddable":true,"href":"https:\/\/www.manodepapel.com\/blog\/index.php?rest_route=%2Fwp%2Fv2%2Fcomments&post=910"}],"version-history":[{"count":6,"href":"https:\/\/www.manodepapel.com\/blog\/index.php?rest_route=\/wp\/v2\/posts\/910\/revisions"}],"predecessor-version":[{"id":7836,"href":"https:\/\/www.manodepapel.com\/blog\/index.php?rest_route=\/wp\/v2\/posts\/910\/revisions\/7836"}],"wp:featuredmedia":[{"embeddable":true,"href":"https:\/\/www.manodepapel.com\/blog\/index.php?rest_route=\/wp\/v2\/media\/7787"}],"wp:attachment":[{"href":"https:\/\/www.manodepapel.com\/blog\/index.php?rest_route=%2Fwp%2Fv2%2Fmedia&parent=910"}],"wp:term":[{"taxonomy":"category","embeddable":true,"href":"https:\/\/www.manodepapel.com\/blog\/index.php?rest_route=%2Fwp%2Fv2%2Fcategories&post=910"},{"taxonomy":"post_tag","embeddable":true,"href":"https:\/\/www.manodepapel.com\/blog\/index.php?rest_route=%2Fwp%2Fv2%2Ftags&post=910"}],"curies":[{"name":"wp","href":"https:\/\/api.w.org\/{rel}","templated":true}]}}