{"id":9200,"date":"2013-12-05T00:50:37","date_gmt":"2013-12-05T05:50:37","guid":{"rendered":"http:\/\/www.manodepapel.com\/blog\/?p=9200"},"modified":"2013-12-05T00:50:37","modified_gmt":"2013-12-05T05:50:37","slug":"1233","status":"publish","type":"post","link":"https:\/\/www.manodepapel.com\/blog\/?p=9200","title":{"rendered":"1233."},"content":{"rendered":"<p><a href=\"http:\/\/www.manodepapel.com\/blog\/wp-content\/uploads\/2013\/12\/figurama4.jpg\"><img loading=\"lazy\" decoding=\"async\" class=\"alignnone size-full wp-image-9202\" alt=\"figurama\" src=\"http:\/\/www.manodepapel.com\/blog\/wp-content\/uploads\/2013\/12\/figurama4.jpg\" width=\"400\" height=\"400\" srcset=\"https:\/\/www.manodepapel.com\/blog\/wp-content\/uploads\/2013\/12\/figurama4.jpg 400w, https:\/\/www.manodepapel.com\/blog\/wp-content\/uploads\/2013\/12\/figurama4-150x150.jpg 150w, https:\/\/www.manodepapel.com\/blog\/wp-content\/uploads\/2013\/12\/figurama4-300x300.jpg 300w, https:\/\/www.manodepapel.com\/blog\/wp-content\/uploads\/2013\/12\/figurama4-378x378.jpg 378w\" sizes=\"auto, (max-width: 400px) 100vw, 400px\" \/><\/a><\/p>\n<p><a href=\"http:\/\/www.manodepapel.com\/blog\/wp-content\/uploads\/2013\/12\/figurama.jpg\"><img loading=\"lazy\" decoding=\"async\" class=\"alignnone size-full wp-image-9201\" alt=\"figurama\" src=\"http:\/\/www.manodepapel.com\/blog\/wp-content\/uploads\/2013\/12\/figurama.jpg\" width=\"400\" height=\"400\" srcset=\"https:\/\/www.manodepapel.com\/blog\/wp-content\/uploads\/2013\/12\/figurama.jpg 400w, https:\/\/www.manodepapel.com\/blog\/wp-content\/uploads\/2013\/12\/figurama-150x150.jpg 150w, https:\/\/www.manodepapel.com\/blog\/wp-content\/uploads\/2013\/12\/figurama-300x300.jpg 300w, https:\/\/www.manodepapel.com\/blog\/wp-content\/uploads\/2013\/12\/figurama-378x378.jpg 378w\" sizes=\"auto, (max-width: 400px) 100vw, 400px\" \/><\/a><\/p>\n<p><strong>Exposici\u00f3n.<\/strong> <em>Figurama<\/em>, del artista y grabador <a href=\"http:\/\/emmanuelgarcia.weebly.com\/\">Emmanuel Garc\u00eda<\/a>, ma\u00f1ana 5 de diciembre 19:00 horas. Lugar: <a href=\"http:\/\/www.medellin174.com.mx\/\">Galer\u00eda Medell\u00edn 174<\/a>, Medellin 174, Colonia Roma, ciudad de M\u00e9xico. Todos invitados!<\/p>\n<p><em>Mr. Mano de Papel<\/em><\/p>\n","protected":false},"excerpt":{"rendered":"<p>Exposici\u00f3n. Figurama, del artista y grabador Emmanuel Garc\u00eda, ma\u00f1ana 5 de diciembre&#8230;<\/p>\n<p><a href=\"https:\/\/www.manodepapel.com\/blog\/?p=9200\" class=\"more\">Seguir leyendo<\/a><\/p>\n","protected":false},"author":1,"featured_media":9203,"comment_status":"open","ping_status":"open","sticky":false,"template":"","format":"standard","meta":{"footnotes":""},"categories":[1],"tags":[14,720,1223],"class_list":["post-9200","post","type-post","status-publish","format-standard","has-post-thumbnail","hentry","category-diseno","tag-arte-2","tag-emmanuel-garcia-ramirez","tag-galeria-medellin-174"],"_links":{"self":[{"href":"https:\/\/www.manodepapel.com\/blog\/index.php?rest_route=\/wp\/v2\/posts\/9200","targetHints":{"allow":["GET"]}}],"collection":[{"href":"https:\/\/www.manodepapel.com\/blog\/index.php?rest_route=\/wp\/v2\/posts"}],"about":[{"href":"https:\/\/www.manodepapel.com\/blog\/index.php?rest_route=\/wp\/v2\/types\/post"}],"author":[{"embeddable":true,"href":"https:\/\/www.manodepapel.com\/blog\/index.php?rest_route=\/wp\/v2\/users\/1"}],"replies":[{"embeddable":true,"href":"https:\/\/www.manodepapel.com\/blog\/index.php?rest_route=%2Fwp%2Fv2%2Fcomments&post=9200"}],"version-history":[{"count":1,"href":"https:\/\/www.manodepapel.com\/blog\/index.php?rest_route=\/wp\/v2\/posts\/9200\/revisions"}],"predecessor-version":[{"id":9204,"href":"https:\/\/www.manodepapel.com\/blog\/index.php?rest_route=\/wp\/v2\/posts\/9200\/revisions\/9204"}],"wp:featuredmedia":[{"embeddable":true,"href":"https:\/\/www.manodepapel.com\/blog\/index.php?rest_route=\/wp\/v2\/media\/9203"}],"wp:attachment":[{"href":"https:\/\/www.manodepapel.com\/blog\/index.php?rest_route=%2Fwp%2Fv2%2Fmedia&parent=9200"}],"wp:term":[{"taxonomy":"category","embeddable":true,"href":"https:\/\/www.manodepapel.com\/blog\/index.php?rest_route=%2Fwp%2Fv2%2Fcategories&post=9200"},{"taxonomy":"post_tag","embeddable":true,"href":"https:\/\/www.manodepapel.com\/blog\/index.php?rest_route=%2Fwp%2Fv2%2Ftags&post=9200"}],"curies":[{"name":"wp","href":"https:\/\/api.w.org\/{rel}","templated":true}]}}